{"id":169,"date":"2014-05-10T09:09:17","date_gmt":"2014-05-10T12:09:17","guid":{"rendered":"https:\/\/wp.ufpel.edu.br\/ppgdtsa\/?p=169"},"modified":"2014-05-10T11:20:47","modified_gmt":"2014-05-10T14:20:47","slug":"processo-seletivo-2014","status":"publish","type":"post","link":"https:\/\/wp.ufpel.edu.br\/ppgdtsa\/2014\/05\/10\/processo-seletivo-2014\/","title":{"rendered":"Processo Seletivo 2014"},"content":{"rendered":"<p>A Universidade Federal de Pelotas em conformidade com o Regimento Stricto Sensu da Pr\u00f3-Reitoria de Pesquisa e a Coordena\u00e7\u00e3o do Programa de P\u00f3s-Gradua\u00e7\u00e3o em Desenvolvimento Territorial e Sistemas Agroindustriais tornam p\u00fablico, para conhecimento dos interessados, o processo de sele\u00e7\u00e3o dos candidatos do referido Programa:<\/p>\n<p><a href=\"https:\/\/wp.ufpel.edu.br\/ppgdtsa\/processo-seletivo\/\">https:\/\/wp.ufpel.edu.br\/ppgdtsa\/processo-seletivo\/<\/a><\/p>\n","protected":false},"excerpt":{"rendered":"<p>A Universidade Federal de Pelotas em conformidade com o Regimento Stricto Sensu da Pr\u00f3-Reitoria de Pesquisa e a Coordena\u00e7\u00e3o do Programa de P\u00f3s-Gradua\u00e7\u00e3o em Desenvolvimento Territorial e Sistemas Agroindustriais tornam p\u00fablico, para conhecimento dos interessados, o processo de sele\u00e7\u00e3o dos candidatos do referido Programa: https:\/\/wp.ufpel.edu.br\/ppgdtsa\/processo-seletivo\/<\/p>\n","protected":false},"author":348,"featured_media":0,"comment_status":"closed","ping_status":"closed","sticky":false,"template":"","format":"standard","meta":{"_jetpack_memberships_contains_paid_content":false,"footnotes":""},"categories":[18],"tags":[],"class_list":["post-169","post","type-post","status-publish","format-standard","hentry","category-sem-categoria"],"jetpack_featured_media_url":"","jetpack_sharing_enabled":true,"_links":{"self":[{"href":"https:\/\/wp.ufpel.edu.br\/ppgdtsa\/wp-json\/wp\/v2\/posts\/169","targetHints":{"allow":["GET"]}}],"collection":[{"href":"https:\/\/wp.ufpel.edu.br\/ppgdtsa\/wp-json\/wp\/v2\/posts"}],"about":[{"href":"https:\/\/wp.ufpel.edu.br\/ppgdtsa\/wp-json\/wp\/v2\/types\/post"}],"author":[{"embeddable":true,"href":"https:\/\/wp.ufpel.edu.br\/ppgdtsa\/wp-json\/wp\/v2\/users\/348"}],"replies":[{"embeddable":true,"href":"https:\/\/wp.ufpel.edu.br\/ppgdtsa\/wp-json\/wp\/v2\/comments?post=169"}],"version-history":[{"count":2,"href":"https:\/\/wp.ufpel.edu.br\/ppgdtsa\/wp-json\/wp\/v2\/posts\/169\/revisions"}],"predecessor-version":[{"id":171,"href":"https:\/\/wp.ufpel.edu.br\/ppgdtsa\/wp-json\/wp\/v2\/posts\/169\/revisions\/171"}],"wp:attachment":[{"href":"https:\/\/wp.ufpel.edu.br\/ppgdtsa\/wp-json\/wp\/v2\/media?parent=169"}],"wp:term":[{"taxonomy":"category","embeddable":true,"href":"https:\/\/wp.ufpel.edu.br\/ppgdtsa\/wp-json\/wp\/v2\/categories?post=169"},{"taxonomy":"post_tag","embeddable":true,"href":"https:\/\/wp.ufpel.edu.br\/ppgdtsa\/wp-json\/wp\/v2\/tags?post=169"}],"curies":[{"name":"wp","href":"https:\/\/api.w.org\/{rel}","templated":true}]}}