{"id":1610,"date":"2017-03-21T14:40:37","date_gmt":"2017-03-21T17:40:37","guid":{"rendered":"https:\/\/wp.ufpel.edu.br\/ppgdtsa\/?p=1610"},"modified":"2017-03-22T14:32:17","modified_gmt":"2017-03-22T17:32:17","slug":"inicio-do-semestre-2017-1","status":"publish","type":"post","link":"https:\/\/wp.ufpel.edu.br\/ppgdtsa\/2017\/03\/21\/inicio-do-semestre-2017-1\/","title":{"rendered":"In\u00edcio do semestre 2017-1"},"content":{"rendered":"<p><strong>In\u00edcio Semestre 2017-1<\/strong><\/p>\n<p>Em reuni\u00e3o ocorrida dia 14\/03 p.p, o colegiado do PPGDTSA definiu o in\u00edcio do semestre letivo 2017-1 para o dia 03 de abril.<\/p>\n<p>A lista de disciplinas dispon\u00edveis para matr\u00edcula est\u00e1 \u00a0dispon\u00edvel no menu &#8216;Disciplina&#8217; &#8211; &#8216;Oferta de Disciplinas&#8217; ou neste <a href=\"https:\/\/wp.ufpel.edu.br\/ppgdtsa\/oferta-de-disciplinas\/\">link<\/a>.<\/p>\n<p><strong>O procedimento de matr\u00edcula<\/strong><\/p>\n<p>Todos os alunos dever\u00e3o preencher o formul\u00e1rio de matr\u00edcula (<a href=\"https:\/\/wp.ufpel.edu.br\/ppgdtsa\/files\/2014\/12\/Formul%C3%A1rio-de-matr%C3%ADcula.doc\">link<\/a>), junto com seu orientador, e comparecer na secretaria para a matr\u00edcula.<\/p>\n<p>Lembro que os alunos ingressantes em 2017-1 dever\u00e3o matricular-se apenas nas disciplinas obrigat\u00f3rias do primeiro semestre (Desenvolvimento Territorial; Sistemas Agroindustriais; Epistemologia e\u00a0Pensamento Interdisciplinar).<\/p>\n<p>Aos alunos que j\u00e1 conclu\u00edram os cr\u00e9ditos \u00e9 obrigat\u00f3rio a matr\u00edcula na disciplina Elabora\u00e7\u00e3o de Disserta\u00e7\u00e3o.<\/p>\n<p>O per\u00edodo de matr\u00edcula ser\u00e1 de 27 a 31 de mar\u00e7o de 2017.<\/p>\n<p><strong>Recomenda\u00e7\u00f5es finais<\/strong><\/p>\n<div>\n<p>O Colegiado\u00a0sabe que h\u00e1 professores(as) que estar\u00e3o no gozo de suas f\u00e9rias e, portanto, que eles somente iniciar\u00e3o mais tarde suas atividades letivas.<\/p>\n<p>Para evitar transtornos, sugerimos aos alunos que se comuniquem diretamente com os professores das disciplinas em que estiverem matriculados para confirmar a\u00a0data em que ser\u00e3o iniciadas as atividades letivas de suas respectivas disciplinas<\/p>\n<p>&nbsp;<\/p>\n<p>Atenciosamente<\/p>\n<\/div>\n<p>Prof. M\u00e1rio Conill Gomes<\/p>\n<p>Coordenador PPGDTSA<\/p>\n","protected":false},"excerpt":{"rendered":"<p>In\u00edcio Semestre 2017-1 Em reuni\u00e3o ocorrida dia 14\/03 p.p, o colegiado do PPGDTSA definiu o in\u00edcio do semestre letivo 2017-1 para o dia 03 de abril. A lista de disciplinas dispon\u00edveis para matr\u00edcula est\u00e1 \u00a0dispon\u00edvel no menu &#8216;Disciplina&#8217; &#8211; &#8216;Oferta de Disciplinas&#8217; ou neste link. O procedimento de matr\u00edcula Todos os alunos dever\u00e3o preencher o [&hellip;]<\/p>\n","protected":false},"author":348,"featured_media":0,"comment_status":"closed","ping_status":"closed","sticky":false,"template":"","format":"standard","meta":{"_jetpack_memberships_contains_paid_content":false,"footnotes":""},"categories":[18],"tags":[],"class_list":["post-1610","post","type-post","status-publish","format-standard","hentry","category-sem-categoria"],"jetpack_featured_media_url":"","jetpack_sharing_enabled":true,"_links":{"self":[{"href":"https:\/\/wp.ufpel.edu.br\/ppgdtsa\/wp-json\/wp\/v2\/posts\/1610","targetHints":{"allow":["GET"]}}],"collection":[{"href":"https:\/\/wp.ufpel.edu.br\/ppgdtsa\/wp-json\/wp\/v2\/posts"}],"about":[{"href":"https:\/\/wp.ufpel.edu.br\/ppgdtsa\/wp-json\/wp\/v2\/types\/post"}],"author":[{"embeddable":true,"href":"https:\/\/wp.ufpel.edu.br\/ppgdtsa\/wp-json\/wp\/v2\/users\/348"}],"replies":[{"embeddable":true,"href":"https:\/\/wp.ufpel.edu.br\/ppgdtsa\/wp-json\/wp\/v2\/comments?post=1610"}],"version-history":[{"count":5,"href":"https:\/\/wp.ufpel.edu.br\/ppgdtsa\/wp-json\/wp\/v2\/posts\/1610\/revisions"}],"predecessor-version":[{"id":1622,"href":"https:\/\/wp.ufpel.edu.br\/ppgdtsa\/wp-json\/wp\/v2\/posts\/1610\/revisions\/1622"}],"wp:attachment":[{"href":"https:\/\/wp.ufpel.edu.br\/ppgdtsa\/wp-json\/wp\/v2\/media?parent=1610"}],"wp:term":[{"taxonomy":"category","embeddable":true,"href":"https:\/\/wp.ufpel.edu.br\/ppgdtsa\/wp-json\/wp\/v2\/categories?post=1610"},{"taxonomy":"post_tag","embeddable":true,"href":"https:\/\/wp.ufpel.edu.br\/ppgdtsa\/wp-json\/wp\/v2\/tags?post=1610"}],"curies":[{"name":"wp","href":"https:\/\/api.w.org\/{rel}","templated":true}]}}