{"id":1150,"date":"2016-08-04T13:52:29","date_gmt":"2016-08-04T16:52:29","guid":{"rendered":"https:\/\/wp.ufpel.edu.br\/ppgdtsa\/?p=1150"},"modified":"2016-08-04T13:52:29","modified_gmt":"2016-08-04T16:52:29","slug":"mestrandos-do-ppgdtsa-aprovam-12-trabalhos-no-18o-encontro-de-pos-graduacao-da-furg","status":"publish","type":"post","link":"https:\/\/wp.ufpel.edu.br\/ppgdtsa\/2016\/08\/04\/mestrandos-do-ppgdtsa-aprovam-12-trabalhos-no-18o-encontro-de-pos-graduacao-da-furg\/","title":{"rendered":"MESTRANDOS DO PPGDTSA APROVAM 12 TRABALHOS NO 18\u00ba  ENCONTRO DE P\u00d3S-GRADUA\u00c7\u00c3O DA FURG"},"content":{"rendered":"<p style=\"text-align: justify\">O Programa de P\u00f3s-Gradua\u00e7\u00e3o em Desenvolvimento Territorial e Sistemas\u00a0Agroindustriais (PPGDTSA) estar\u00e1 representado no 18\u00ba Encontro de P\u00f3s-Gradua\u00e7\u00e3o da Universidade de Rio Grande com 12 trabalhos elaborados pelos\u00a0mestrandos com a orienta\u00e7\u00e3o do Prof. Elvis Silveira-Martins. De acordo com\u00a0Silveira-Martins este resultado \u00e9 fruto de muita dedica\u00e7\u00e3o dos alunos, bem\u00a0como o interesse em desenvolver pesquisas, caracter\u00edstica do mestrado\u00a0acad\u00eamico. A todos os mestrandos PARAB\u00c9NS pelo empenho e \u00eaxito na\u00a0submiss\u00e3o.<\/p>\n<p>Abaixo a rela\u00e7\u00e3o de mestrandos e trabalhos aprovados:<\/p>\n<p>Mestrando: Cristiano Pinto Klinger<\/p>\n<p>Trabalho: Comportamento estrat\u00e9gico: uma pesquisa bibliom\u00e9trica sobre Miles\u00a0e Snow<\/p>\n<p>&nbsp;<\/p>\n<p>Mestranda: Gabriela Jurak de Castro<\/p>\n<p>Trabalho: Gest\u00e3o de stakeholders: reflex\u00f5es sobre sua import\u00e2ncia para as\u00a0organiza\u00e7\u00f5es<\/p>\n<p>&nbsp;<\/p>\n<p>Mestrando: Victor Henrique Medronha da Silva<\/p>\n<p>Trabalho: A estrat\u00e9gia de diferencia\u00e7\u00e3o a partir dos subprodutos de res\u00edduos\u00a0s\u00f3lidos industriais<\/p>\n<p>&nbsp;<\/p>\n<p>Mestrando: Rodrigo Torres Westendorff<\/p>\n<p>Trabalho: A import\u00e2ncia da percep\u00e7\u00e3o do ambiente pelo tomador de decis\u00f5es<\/p>\n<p>&nbsp;<\/p>\n<p>Mestranda: Iliane M\u00fcller Otto<\/p>\n<p>Trabalho: A sustentabilidade como um recurso estrat\u00e9gico: uma an\u00e1lise a\u00a0partir da resource based view (RBV)<\/p>\n<p>&nbsp;<\/p>\n<p>Mestranda: Juliany Braga Souza<\/p>\n<p>Trabalho: Comportamento estrat\u00e9gico com base no gen\u00earo feminino: uma\u00a0an\u00e1lise das publica\u00e7\u00f5es baseadas na tipologia de Miles e Snow<\/p>\n<p>&nbsp;<\/p>\n<p>Mestranda: Let\u00edcia Marques Vargas<\/p>\n<p>Trabalho: Import\u00e2ncia da dimens\u00e3o proatividade da orienta\u00e7\u00e3o\u00a0empreendedora nas f\u00e1bricas de software<\/p>\n<p>&nbsp;<\/p>\n<p>Mestrando: Ox Sias D&#8217;Avila<\/p>\n<p>Trabalho: Associa\u00e7\u00e3o entre diversifica\u00e7\u00e3o de produtos e retorno do\u00a0investimento: um estudo em microcervejarias<\/p>\n<p>&nbsp;<\/p>\n<p>Mestranda: C\u00e1tia Regina M\u00fcller<\/p>\n<p>Trabalho: Ambidestria organizacional: a partir de uma revis\u00e3o te\u00f3rica<\/p>\n<p>&nbsp;<\/p>\n<p>Mestrando: Eduardo Garcia Souza<\/p>\n<p>Trabalho: Utiliza\u00e7\u00e3o da t\u00e9cnica jacquard como diferencial competitivo: o caso\u00a0da associa\u00e7\u00e3o de artes\u00e3os de Jaguar\u00e3o-RS<\/p>\n<p>&nbsp;<\/p>\n<p>Mestrando: Bruno Ribas Silveira<\/p>\n<p>Trabalho: Redes de neg\u00f3cios ou de rela\u00e7\u00f5es: uma sexta dimens\u00e3o da\u00a0orienta\u00e7\u00e3o empreendedora<\/p>\n<p>&nbsp;<\/p>\n<p>Mestrando: Gustavo Neves Goularte<\/p>\n<p>Trabalho: Capacidades din\u00e2micas: uma reflex\u00e3o a cerca do tema<\/p>\n","protected":false},"excerpt":{"rendered":"<p>O Programa de P\u00f3s-Gradua\u00e7\u00e3o em Desenvolvimento Territorial e Sistemas\u00a0Agroindustriais (PPGDTSA) estar\u00e1 representado no 18\u00ba Encontro de P\u00f3s-Gradua\u00e7\u00e3o da Universidade de Rio Grande com 12 trabalhos elaborados pelos\u00a0mestrandos com a orienta\u00e7\u00e3o do Prof. Elvis Silveira-Martins. De acordo com\u00a0Silveira-Martins este resultado \u00e9 fruto de muita dedica\u00e7\u00e3o dos alunos, bem\u00a0como o interesse em desenvolver pesquisas, caracter\u00edstica do mestrado\u00a0acad\u00eamico. [&hellip;]<\/p>\n","protected":false},"author":348,"featured_media":0,"comment_status":"closed","ping_status":"closed","sticky":false,"template":"","format":"standard","meta":{"_jetpack_memberships_contains_paid_content":false,"footnotes":""},"categories":[18],"tags":[],"class_list":["post-1150","post","type-post","status-publish","format-standard","hentry","category-sem-categoria"],"jetpack_featured_media_url":"","jetpack_sharing_enabled":true,"_links":{"self":[{"href":"https:\/\/wp.ufpel.edu.br\/ppgdtsa\/wp-json\/wp\/v2\/posts\/1150","targetHints":{"allow":["GET"]}}],"collection":[{"href":"https:\/\/wp.ufpel.edu.br\/ppgdtsa\/wp-json\/wp\/v2\/posts"}],"about":[{"href":"https:\/\/wp.ufpel.edu.br\/ppgdtsa\/wp-json\/wp\/v2\/types\/post"}],"author":[{"embeddable":true,"href":"https:\/\/wp.ufpel.edu.br\/ppgdtsa\/wp-json\/wp\/v2\/users\/348"}],"replies":[{"embeddable":true,"href":"https:\/\/wp.ufpel.edu.br\/ppgdtsa\/wp-json\/wp\/v2\/comments?post=1150"}],"version-history":[{"count":1,"href":"https:\/\/wp.ufpel.edu.br\/ppgdtsa\/wp-json\/wp\/v2\/posts\/1150\/revisions"}],"predecessor-version":[{"id":1152,"href":"https:\/\/wp.ufpel.edu.br\/ppgdtsa\/wp-json\/wp\/v2\/posts\/1150\/revisions\/1152"}],"wp:attachment":[{"href":"https:\/\/wp.ufpel.edu.br\/ppgdtsa\/wp-json\/wp\/v2\/media?parent=1150"}],"wp:term":[{"taxonomy":"category","embeddable":true,"href":"https:\/\/wp.ufpel.edu.br\/ppgdtsa\/wp-json\/wp\/v2\/categories?post=1150"},{"taxonomy":"post_tag","embeddable":true,"href":"https:\/\/wp.ufpel.edu.br\/ppgdtsa\/wp-json\/wp\/v2\/tags?post=1150"}],"curies":[{"name":"wp","href":"https:\/\/api.w.org\/{rel}","templated":true}]}}