{"id":8193,"date":"2026-04-17T14:03:20","date_gmt":"2026-04-17T17:03:20","guid":{"rendered":"https:\/\/wp.ufpel.edu.br\/ppgd\/?p=8193"},"modified":"2026-04-17T14:03:20","modified_gmt":"2026-04-17T17:03:20","slug":"edital-ppgd-ufpel-n-01-2026-bolsa-capes","status":"publish","type":"post","link":"https:\/\/wp.ufpel.edu.br\/ppgd\/2026\/04\/17\/edital-ppgd-ufpel-n-01-2026-bolsa-capes\/","title":{"rendered":"Edital PPGD\/UFPel n. 01\/2026 &#8211; Bolsa CAPES"},"content":{"rendered":"<p>O Programa de P\u00f3s-Gradua\u00e7\u00e3o em Direito da Universidade Federal de Pelotas publica o Edital PPGD\/UFPel n. 01\/2026 a fim de selecionar 01 pessoa bolsista para bolsa CAPES. Confira <a href=\"https:\/\/wp.ufpel.edu.br\/ppgd\/files\/2026\/04\/Edital-Bolsa-2026-PPGD.pdf\">neste link<\/a>.<\/p>\n<p>Prazos de inscri\u00e7\u00e3o:<\/p>\n<ul>\n<li>In\u00edcio &#8211; 20 de abril de 2026.<\/li>\n<li>Fim &#8211; 23 de abril de 2026, at\u00e9 \u00e0s 23:59 hs.<\/li>\n<\/ul>\n<p>&nbsp;<\/p>\n<p>&nbsp;<\/p>\n","protected":false},"excerpt":{"rendered":"<p>O Programa de P\u00f3s-Gradua\u00e7\u00e3o em Direito da Universidade Federal de Pelotas publica o Edital PPGD\/UFPel n. 01\/2026 a fim de selecionar 01 pessoa bolsista para bolsa CAPES. Confira neste link. Prazos de inscri\u00e7\u00e3o: In\u00edcio &#8211; 20 de abril de 2026. Fim &#8211; 23 de abril de 2026, at\u00e9 \u00e0s 23:59 hs. &nbsp; &nbsp;<\/p>\n","protected":false},"author":1194,"featured_media":0,"comment_status":"closed","ping_status":"closed","sticky":false,"template":"","format":"standard","meta":{"_jetpack_memberships_contains_paid_content":false,"footnotes":""},"categories":[6,1],"tags":[],"class_list":["post-8193","post","type-post","status-publish","format-standard","hentry","category-editais","category-noticias","item-wrap"],"jetpack_featured_media_url":"","jetpack-related-posts":[],"jetpack_sharing_enabled":true,"_links":{"self":[{"href":"https:\/\/wp.ufpel.edu.br\/ppgd\/wp-json\/wp\/v2\/posts\/8193","targetHints":{"allow":["GET"]}}],"collection":[{"href":"https:\/\/wp.ufpel.edu.br\/ppgd\/wp-json\/wp\/v2\/posts"}],"about":[{"href":"https:\/\/wp.ufpel.edu.br\/ppgd\/wp-json\/wp\/v2\/types\/post"}],"author":[{"embeddable":true,"href":"https:\/\/wp.ufpel.edu.br\/ppgd\/wp-json\/wp\/v2\/users\/1194"}],"replies":[{"embeddable":true,"href":"https:\/\/wp.ufpel.edu.br\/ppgd\/wp-json\/wp\/v2\/comments?post=8193"}],"version-history":[{"count":2,"href":"https:\/\/wp.ufpel.edu.br\/ppgd\/wp-json\/wp\/v2\/posts\/8193\/revisions"}],"predecessor-version":[{"id":8196,"href":"https:\/\/wp.ufpel.edu.br\/ppgd\/wp-json\/wp\/v2\/posts\/8193\/revisions\/8196"}],"wp:attachment":[{"href":"https:\/\/wp.ufpel.edu.br\/ppgd\/wp-json\/wp\/v2\/media?parent=8193"}],"wp:term":[{"taxonomy":"category","embeddable":true,"href":"https:\/\/wp.ufpel.edu.br\/ppgd\/wp-json\/wp\/v2\/categories?post=8193"},{"taxonomy":"post_tag","embeddable":true,"href":"https:\/\/wp.ufpel.edu.br\/ppgd\/wp-json\/wp\/v2\/tags?post=8193"}],"curies":[{"name":"wp","href":"https:\/\/api.w.org\/{rel}","templated":true}]}}