{"id":8096,"date":"2025-12-04T16:44:06","date_gmt":"2025-12-04T19:44:06","guid":{"rendered":"https:\/\/wp.ufpel.edu.br\/ppgd\/?p=8096"},"modified":"2025-12-04T16:44:06","modified_gmt":"2025-12-04T19:44:06","slug":"banca-de-qualificacao-de-dissertacao-de-mestrado-12","status":"publish","type":"post","link":"https:\/\/wp.ufpel.edu.br\/ppgd\/2025\/12\/04\/banca-de-qualificacao-de-dissertacao-de-mestrado-12\/","title":{"rendered":"BANCA DE QUALIFICA\u00c7\u00c3O DE DISSERTA\u00c7\u00c3O DE MESTRADO"},"content":{"rendered":"<p style=\"text-align: justify;\">A coordena\u00e7\u00e3o do PPGD UFPEL convida a comunidade acad\u00eamica para a Banca de Qualifica\u00e7\u00e3o de Disserta\u00e7\u00e3o de Mestrado de Tiago Olimpio da Silva, intitulada &#8220;O mito da democracia racial e os cursos de direito de universidades p\u00fablicas federais no Brasil: Uma an\u00e1lise emp\u00edrica sobre racialidade no saber jur\u00eddico e uma proposta de disciplina emancipat\u00f3ria&#8221;.<\/p>\n<p style=\"text-align: justify;\">Em 05\/12\/2025 \u00e0s 10h, na Sala 4 da Faculdade\u00a0de\u00a0Direito.<\/p>\n<p><img data-recalc-dims=\"1\" loading=\"lazy\" decoding=\"async\" class=\"alignnone size-medium wp-image-8098\" src=\"https:\/\/i0.wp.com\/wp.ufpel.edu.br\/ppgd\/files\/2025\/12\/WhatsApp-Image-2025-12-04-at-15.10.47.jpeg?resize=400%2C400&#038;ssl=1\" alt=\"\" width=\"400\" height=\"400\" srcset=\"https:\/\/i0.wp.com\/wp.ufpel.edu.br\/ppgd\/files\/2025\/12\/WhatsApp-Image-2025-12-04-at-15.10.47.jpeg?resize=400%2C400&amp;ssl=1 400w, https:\/\/i0.wp.com\/wp.ufpel.edu.br\/ppgd\/files\/2025\/12\/WhatsApp-Image-2025-12-04-at-15.10.47.jpeg?resize=1024%2C1024&amp;ssl=1 1024w, https:\/\/i0.wp.com\/wp.ufpel.edu.br\/ppgd\/files\/2025\/12\/WhatsApp-Image-2025-12-04-at-15.10.47.jpeg?resize=200%2C200&amp;ssl=1 200w, https:\/\/i0.wp.com\/wp.ufpel.edu.br\/ppgd\/files\/2025\/12\/WhatsApp-Image-2025-12-04-at-15.10.47.jpeg?resize=768%2C768&amp;ssl=1 768w, https:\/\/i0.wp.com\/wp.ufpel.edu.br\/ppgd\/files\/2025\/12\/WhatsApp-Image-2025-12-04-at-15.10.47.jpeg?resize=736%2C736&amp;ssl=1 736w, https:\/\/i0.wp.com\/wp.ufpel.edu.br\/ppgd\/files\/2025\/12\/WhatsApp-Image-2025-12-04-at-15.10.47.jpeg?w=1080&amp;ssl=1 1080w\" sizes=\"auto, (max-width: 400px) 100vw, 400px\" \/><\/p>\n","protected":false},"excerpt":{"rendered":"<p>A coordena\u00e7\u00e3o do PPGD UFPEL convida a comunidade acad\u00eamica para a Banca de Qualifica\u00e7\u00e3o de Disserta\u00e7\u00e3o de Mestrado de Tiago Olimpio da Silva, intitulada &#8220;O mito da democracia racial e os cursos de direito de universidades p\u00fablicas federais no Brasil: Uma an\u00e1lise emp\u00edrica sobre racialidade no saber jur\u00eddico e uma proposta de disciplina emancipat\u00f3ria&#8221;. Em &hellip; <\/p>\n<p><a class=\"more-link btn\" href=\"https:\/\/wp.ufpel.edu.br\/ppgd\/2025\/12\/04\/banca-de-qualificacao-de-dissertacao-de-mestrado-12\/\">Continue lendo<\/a><\/p>\n","protected":false},"author":1483,"featured_media":0,"comment_status":"closed","ping_status":"closed","sticky":false,"template":"","format":"standard","meta":{"_jetpack_memberships_contains_paid_content":false,"footnotes":""},"categories":[12],"tags":[],"class_list":["post-8096","post","type-post","status-publish","format-standard","hentry","category-defesas-de-dissertacao","item-wrap"],"jetpack_featured_media_url":"","jetpack-related-posts":[],"jetpack_sharing_enabled":true,"_links":{"self":[{"href":"https:\/\/wp.ufpel.edu.br\/ppgd\/wp-json\/wp\/v2\/posts\/8096","targetHints":{"allow":["GET"]}}],"collection":[{"href":"https:\/\/wp.ufpel.edu.br\/ppgd\/wp-json\/wp\/v2\/posts"}],"about":[{"href":"https:\/\/wp.ufpel.edu.br\/ppgd\/wp-json\/wp\/v2\/types\/post"}],"author":[{"embeddable":true,"href":"https:\/\/wp.ufpel.edu.br\/ppgd\/wp-json\/wp\/v2\/users\/1483"}],"replies":[{"embeddable":true,"href":"https:\/\/wp.ufpel.edu.br\/ppgd\/wp-json\/wp\/v2\/comments?post=8096"}],"version-history":[{"count":1,"href":"https:\/\/wp.ufpel.edu.br\/ppgd\/wp-json\/wp\/v2\/posts\/8096\/revisions"}],"predecessor-version":[{"id":8099,"href":"https:\/\/wp.ufpel.edu.br\/ppgd\/wp-json\/wp\/v2\/posts\/8096\/revisions\/8099"}],"wp:attachment":[{"href":"https:\/\/wp.ufpel.edu.br\/ppgd\/wp-json\/wp\/v2\/media?parent=8096"}],"wp:term":[{"taxonomy":"category","embeddable":true,"href":"https:\/\/wp.ufpel.edu.br\/ppgd\/wp-json\/wp\/v2\/categories?post=8096"},{"taxonomy":"post_tag","embeddable":true,"href":"https:\/\/wp.ufpel.edu.br\/ppgd\/wp-json\/wp\/v2\/tags?post=8096"}],"curies":[{"name":"wp","href":"https:\/\/api.w.org\/{rel}","templated":true}]}}