{"id":6742,"date":"2023-10-04T13:41:29","date_gmt":"2023-10-04T16:41:29","guid":{"rendered":"https:\/\/wp.ufpel.edu.br\/ppgd\/?p=6742"},"modified":"2023-10-04T13:41:29","modified_gmt":"2023-10-04T16:41:29","slug":"aula-aberta-acesso-a-justica-e-direito-processual-alteracao-no-horario","status":"publish","type":"post","link":"https:\/\/wp.ufpel.edu.br\/ppgd\/2023\/10\/04\/aula-aberta-acesso-a-justica-e-direito-processual-alteracao-no-horario\/","title":{"rendered":"Aula aberta: Acesso \u00e0 Justi\u00e7a e Direito Processual &#8211; Altera\u00e7\u00e3o no hor\u00e1rio"},"content":{"rendered":"<p><img data-recalc-dims=\"1\" loading=\"lazy\" decoding=\"async\" class=\"size-medium wp-image-6744 aligncenter\" src=\"https:\/\/i0.wp.com\/wp.ufpel.edu.br\/ppgd\/files\/2023\/10\/PHOTO-2023-10-03-14-44-33-1.jpg?resize=400%2C400&#038;ssl=1\" alt=\"\" width=\"400\" height=\"400\" srcset=\"https:\/\/i0.wp.com\/wp.ufpel.edu.br\/ppgd\/files\/2023\/10\/PHOTO-2023-10-03-14-44-33-1.jpg?resize=400%2C400&amp;ssl=1 400w, https:\/\/i0.wp.com\/wp.ufpel.edu.br\/ppgd\/files\/2023\/10\/PHOTO-2023-10-03-14-44-33-1.jpg?resize=1024%2C1024&amp;ssl=1 1024w, https:\/\/i0.wp.com\/wp.ufpel.edu.br\/ppgd\/files\/2023\/10\/PHOTO-2023-10-03-14-44-33-1.jpg?resize=200%2C200&amp;ssl=1 200w, https:\/\/i0.wp.com\/wp.ufpel.edu.br\/ppgd\/files\/2023\/10\/PHOTO-2023-10-03-14-44-33-1.jpg?resize=768%2C768&amp;ssl=1 768w, https:\/\/i0.wp.com\/wp.ufpel.edu.br\/ppgd\/files\/2023\/10\/PHOTO-2023-10-03-14-44-33-1.jpg?resize=736%2C736&amp;ssl=1 736w, https:\/\/i0.wp.com\/wp.ufpel.edu.br\/ppgd\/files\/2023\/10\/PHOTO-2023-10-03-14-44-33-1.jpg?w=1080&amp;ssl=1 1080w\" sizes=\"auto, (max-width: 400px) 100vw, 400px\" \/><\/p>\n","protected":false},"excerpt":{"rendered":"","protected":false},"author":293,"featured_media":0,"comment_status":"closed","ping_status":"closed","sticky":false,"template":"","format":"standard","meta":{"_jetpack_memberships_contains_paid_content":false,"footnotes":""},"categories":[15],"tags":[],"class_list":["post-6742","post","type-post","status-publish","format-standard","hentry","category-eventos","item-wrap"],"jetpack_featured_media_url":"","jetpack-related-posts":[],"jetpack_sharing_enabled":true,"_links":{"self":[{"href":"https:\/\/wp.ufpel.edu.br\/ppgd\/wp-json\/wp\/v2\/posts\/6742","targetHints":{"allow":["GET"]}}],"collection":[{"href":"https:\/\/wp.ufpel.edu.br\/ppgd\/wp-json\/wp\/v2\/posts"}],"about":[{"href":"https:\/\/wp.ufpel.edu.br\/ppgd\/wp-json\/wp\/v2\/types\/post"}],"author":[{"embeddable":true,"href":"https:\/\/wp.ufpel.edu.br\/ppgd\/wp-json\/wp\/v2\/users\/293"}],"replies":[{"embeddable":true,"href":"https:\/\/wp.ufpel.edu.br\/ppgd\/wp-json\/wp\/v2\/comments?post=6742"}],"version-history":[{"count":1,"href":"https:\/\/wp.ufpel.edu.br\/ppgd\/wp-json\/wp\/v2\/posts\/6742\/revisions"}],"predecessor-version":[{"id":6745,"href":"https:\/\/wp.ufpel.edu.br\/ppgd\/wp-json\/wp\/v2\/posts\/6742\/revisions\/6745"}],"wp:attachment":[{"href":"https:\/\/wp.ufpel.edu.br\/ppgd\/wp-json\/wp\/v2\/media?parent=6742"}],"wp:term":[{"taxonomy":"category","embeddable":true,"href":"https:\/\/wp.ufpel.edu.br\/ppgd\/wp-json\/wp\/v2\/categories?post=6742"},{"taxonomy":"post_tag","embeddable":true,"href":"https:\/\/wp.ufpel.edu.br\/ppgd\/wp-json\/wp\/v2\/tags?post=6742"}],"curies":[{"name":"wp","href":"https:\/\/api.w.org\/{rel}","templated":true}]}}