{"id":5470,"date":"2023-01-10T14:30:01","date_gmt":"2023-01-10T17:30:01","guid":{"rendered":"https:\/\/wp.ufpel.edu.br\/ppgd\/?p=5470"},"modified":"2023-01-10T14:30:58","modified_gmt":"2023-01-10T17:30:58","slug":"edital-prppgi-n-o-2-2023","status":"publish","type":"post","link":"https:\/\/wp.ufpel.edu.br\/ppgd\/2023\/01\/10\/edital-prppgi-n-o-2-2023\/","title":{"rendered":"EDITAL PRPPGI N.\u00ba 2\/2023"},"content":{"rendered":"<p style=\"text-align: justify;\">A Pr\u00f3-reitoria de Pesquisa e P\u00f3s-Gradua\u00e7\u00e3o da Universidade Federal de Pelotas torna p\u00fablico que est\u00e3o abertas as solicita\u00e7\u00f5es de cotas de bolsas de mestrado e doutorado alocadas na PRPPG, oriundas do Programa DS\/CAPES, com distribui\u00e7\u00e3o para estudantes travestis e transexuais, conforme Resolu\u00e7\u00f5es CONSUN n<sup>o<\/sup>. 54\/2021 e 65\/2021 e Portaria 475\/2022.<\/p>\n<p>&nbsp;<\/p>\n<p><a href=\"https:\/\/wp.ufpel.edu.br\/ppgd\/files\/2023\/01\/Edital_2012581.html\">Edital_2012581<\/a><\/p>\n<p>&nbsp;<\/p>\n<p><a href=\"https:\/\/wp.ufpel.edu.br\/ppgd\/files\/2023\/01\/Formulario_2013421_anexos_I.pdf\">Formulario_2013421_anexos_I<\/a><\/p>\n<p><a href=\"https:\/\/wp.ufpel.edu.br\/ppgd\/files\/2023\/01\/Termo_2013422_anexos_II.pdf\">Termo_2013422_anexos_II<\/a><\/p>\n<p><a href=\"https:\/\/wp.ufpel.edu.br\/ppgd\/files\/2023\/01\/Declaracao_2013425_anexo_III_autodeclaracao_de_identidade_de_genero.pdf\">Declaracao_2013425_anexo_III_autodeclaracao_de_identidade_de_genero<\/a><\/p>\n<p style=\"text-align: justify;\">\n","protected":false},"excerpt":{"rendered":"<p>A Pr\u00f3-reitoria de Pesquisa e P\u00f3s-Gradua\u00e7\u00e3o da Universidade Federal de Pelotas torna p\u00fablico que est\u00e3o abertas as solicita\u00e7\u00f5es de cotas de bolsas de mestrado e doutorado alocadas na PRPPG, oriundas do Programa DS\/CAPES, com distribui\u00e7\u00e3o para estudantes travestis e transexuais, conforme Resolu\u00e7\u00f5es CONSUN no. 54\/2021 e 65\/2021 e Portaria 475\/2022. &nbsp; Edital_2012581 &nbsp; Formulario_2013421_anexos_I Termo_2013422_anexos_II &hellip; <\/p>\n<p><a class=\"more-link btn\" href=\"https:\/\/wp.ufpel.edu.br\/ppgd\/2023\/01\/10\/edital-prppgi-n-o-2-2023\/\">Continue lendo<\/a><\/p>\n","protected":false},"author":293,"featured_media":0,"comment_status":"closed","ping_status":"closed","sticky":false,"template":"","format":"standard","meta":{"_jetpack_memberships_contains_paid_content":false,"footnotes":""},"categories":[1],"tags":[],"class_list":["post-5470","post","type-post","status-publish","format-standard","hentry","category-noticias","item-wrap"],"jetpack_featured_media_url":"","jetpack-related-posts":[],"jetpack_sharing_enabled":true,"_links":{"self":[{"href":"https:\/\/wp.ufpel.edu.br\/ppgd\/wp-json\/wp\/v2\/posts\/5470","targetHints":{"allow":["GET"]}}],"collection":[{"href":"https:\/\/wp.ufpel.edu.br\/ppgd\/wp-json\/wp\/v2\/posts"}],"about":[{"href":"https:\/\/wp.ufpel.edu.br\/ppgd\/wp-json\/wp\/v2\/types\/post"}],"author":[{"embeddable":true,"href":"https:\/\/wp.ufpel.edu.br\/ppgd\/wp-json\/wp\/v2\/users\/293"}],"replies":[{"embeddable":true,"href":"https:\/\/wp.ufpel.edu.br\/ppgd\/wp-json\/wp\/v2\/comments?post=5470"}],"version-history":[{"count":2,"href":"https:\/\/wp.ufpel.edu.br\/ppgd\/wp-json\/wp\/v2\/posts\/5470\/revisions"}],"predecessor-version":[{"id":5479,"href":"https:\/\/wp.ufpel.edu.br\/ppgd\/wp-json\/wp\/v2\/posts\/5470\/revisions\/5479"}],"wp:attachment":[{"href":"https:\/\/wp.ufpel.edu.br\/ppgd\/wp-json\/wp\/v2\/media?parent=5470"}],"wp:term":[{"taxonomy":"category","embeddable":true,"href":"https:\/\/wp.ufpel.edu.br\/ppgd\/wp-json\/wp\/v2\/categories?post=5470"},{"taxonomy":"post_tag","embeddable":true,"href":"https:\/\/wp.ufpel.edu.br\/ppgd\/wp-json\/wp\/v2\/tags?post=5470"}],"curies":[{"name":"wp","href":"https:\/\/api.w.org\/{rel}","templated":true}]}}