{"id":5463,"date":"2023-01-10T14:26:46","date_gmt":"2023-01-10T17:26:46","guid":{"rendered":"https:\/\/wp.ufpel.edu.br\/ppgd\/?p=5463"},"modified":"2023-01-10T14:39:02","modified_gmt":"2023-01-10T17:39:02","slug":"edital-da-prppgi-n-o-001-2023","status":"publish","type":"post","link":"https:\/\/wp.ufpel.edu.br\/ppgd\/2023\/01\/10\/edital-da-prppgi-n-o-001-2023\/","title":{"rendered":"EDITAL PRPPGI N.\u00ba 001\/2023"},"content":{"rendered":"<p>A Pr\u00f3-Reitoria de Pesquisa e P\u00f3s-Gradua\u00e7\u00e3o da Universidade Federal de Pelotas torna p\u00fablico que est\u00e3o abertas as solicita\u00e7\u00f5es de cotas de bolsas de mestrado e doutorado alocadas na PRPPG, oriundas do Programa DS\/CAPES e\/ou do Programa PIBM\/D UFPel, com distribui\u00e7\u00e3o priorit\u00e1ria para alunos ingressantes via acesso afirmativo, conforme Resolu\u00e7\u00f5es CONSUN n<sup>o<\/sup>\u00a05\/2017 e 16\/2017.<\/p>\n<p>&nbsp;<\/p>\n<p><a href=\"https:\/\/wp.ufpel.edu.br\/ppgd\/files\/2023\/01\/Edital_2012540.html\">Edital_2012540<\/a><\/p>\n<p>&nbsp;<\/p>\n<p><a href=\"https:\/\/wp.ufpel.edu.br\/ppgd\/files\/2023\/01\/Formulario_2012574_anexos_I.pdf\">Formulario_2012574_anexos_I<\/a><\/p>\n<p><a href=\"https:\/\/wp.ufpel.edu.br\/ppgd\/files\/2023\/01\/Termo_2012575_anexos_II.pdf\">Termo_2012575_anexos_II<\/a><\/p>\n<p><a href=\"https:\/\/wp.ufpel.edu.br\/ppgd\/files\/2023\/01\/Declaracao_2012577_anexos_III.pdf\">Declaracao_2012577_anexos_III<\/a><\/p>\n","protected":false},"excerpt":{"rendered":"<p>A Pr\u00f3-Reitoria de Pesquisa e P\u00f3s-Gradua\u00e7\u00e3o da Universidade Federal de Pelotas torna p\u00fablico que est\u00e3o abertas as solicita\u00e7\u00f5es de cotas de bolsas de mestrado e doutorado alocadas na PRPPG, oriundas do Programa DS\/CAPES e\/ou do Programa PIBM\/D UFPel, com distribui\u00e7\u00e3o priorit\u00e1ria para alunos ingressantes via acesso afirmativo, conforme Resolu\u00e7\u00f5es CONSUN no\u00a05\/2017 e 16\/2017. &nbsp; Edital_2012540 &hellip; <\/p>\n<p><a class=\"more-link btn\" href=\"https:\/\/wp.ufpel.edu.br\/ppgd\/2023\/01\/10\/edital-da-prppgi-n-o-001-2023\/\">Continue lendo<\/a><\/p>\n","protected":false},"author":293,"featured_media":0,"comment_status":"closed","ping_status":"closed","sticky":false,"template":"","format":"standard","meta":{"_jetpack_memberships_contains_paid_content":false,"footnotes":""},"categories":[1],"tags":[],"class_list":["post-5463","post","type-post","status-publish","format-standard","hentry","category-noticias","item-wrap"],"jetpack_featured_media_url":"","jetpack-related-posts":[],"jetpack_sharing_enabled":true,"_links":{"self":[{"href":"https:\/\/wp.ufpel.edu.br\/ppgd\/wp-json\/wp\/v2\/posts\/5463","targetHints":{"allow":["GET"]}}],"collection":[{"href":"https:\/\/wp.ufpel.edu.br\/ppgd\/wp-json\/wp\/v2\/posts"}],"about":[{"href":"https:\/\/wp.ufpel.edu.br\/ppgd\/wp-json\/wp\/v2\/types\/post"}],"author":[{"embeddable":true,"href":"https:\/\/wp.ufpel.edu.br\/ppgd\/wp-json\/wp\/v2\/users\/293"}],"replies":[{"embeddable":true,"href":"https:\/\/wp.ufpel.edu.br\/ppgd\/wp-json\/wp\/v2\/comments?post=5463"}],"version-history":[{"count":3,"href":"https:\/\/wp.ufpel.edu.br\/ppgd\/wp-json\/wp\/v2\/posts\/5463\/revisions"}],"predecessor-version":[{"id":5478,"href":"https:\/\/wp.ufpel.edu.br\/ppgd\/wp-json\/wp\/v2\/posts\/5463\/revisions\/5478"}],"wp:attachment":[{"href":"https:\/\/wp.ufpel.edu.br\/ppgd\/wp-json\/wp\/v2\/media?parent=5463"}],"wp:term":[{"taxonomy":"category","embeddable":true,"href":"https:\/\/wp.ufpel.edu.br\/ppgd\/wp-json\/wp\/v2\/categories?post=5463"},{"taxonomy":"post_tag","embeddable":true,"href":"https:\/\/wp.ufpel.edu.br\/ppgd\/wp-json\/wp\/v2\/tags?post=5463"}],"curies":[{"name":"wp","href":"https:\/\/api.w.org\/{rel}","templated":true}]}}