{"id":4632,"date":"2022-04-27T14:04:38","date_gmt":"2022-04-27T17:04:38","guid":{"rendered":"https:\/\/wp.ufpel.edu.br\/ppgd\/?p=4632"},"modified":"2023-04-18T14:49:41","modified_gmt":"2023-04-18T17:49:41","slug":"banca-de-qualificacao-2","status":"publish","type":"post","link":"https:\/\/wp.ufpel.edu.br\/ppgd\/2022\/04\/27\/banca-de-qualificacao-2\/","title":{"rendered":"Banca de Qualifica\u00e7\u00e3o"},"content":{"rendered":"<p>&nbsp;<\/p>\n<p><img data-recalc-dims=\"1\" loading=\"lazy\" decoding=\"async\" class=\"aligncenter size-large wp-image-4634\" src=\"https:\/\/i0.wp.com\/wp.ufpel.edu.br\/ppgd\/files\/2022\/04\/Qualificac%CC%A7a%CC%83o-Taiguer-Saraiva-1.jpg?resize=736.66666666667%2C719&#038;ssl=1\" alt=\"\" width=\"736.66666666667\" height=\"719\" srcset=\"https:\/\/i0.wp.com\/wp.ufpel.edu.br\/ppgd\/files\/2022\/04\/Qualificac%CC%A7a%CC%83o-Taiguer-Saraiva-1.jpg?resize=1024%2C1000&amp;ssl=1 1024w, https:\/\/i0.wp.com\/wp.ufpel.edu.br\/ppgd\/files\/2022\/04\/Qualificac%CC%A7a%CC%83o-Taiguer-Saraiva-1.jpg?resize=400%2C391&amp;ssl=1 400w, https:\/\/i0.wp.com\/wp.ufpel.edu.br\/ppgd\/files\/2022\/04\/Qualificac%CC%A7a%CC%83o-Taiguer-Saraiva-1.jpg?resize=768%2C750&amp;ssl=1 768w, https:\/\/i0.wp.com\/wp.ufpel.edu.br\/ppgd\/files\/2022\/04\/Qualificac%CC%A7a%CC%83o-Taiguer-Saraiva-1.jpg?w=1120&amp;ssl=1 1120w\" sizes=\"auto, (max-width: 736px) 100vw, 736px\" \/><\/p>\n<p>A Coordena\u00e7\u00e3o do PPGD\/UFPel convida a comunidade para a banca de qualifica\u00e7\u00e3o da disserta\u00e7\u00e3o \u201cEnsino remoto emergencial em faculdades de Direito de institui\u00e7\u00f5es p\u00fablicas e privadas: o direito social \u00e0 educa\u00e7\u00e3o no contexto da pandemia pela COVID-19\u201d do aluno Taiguer Henrique Silva Saraiva, acess\u00edvel pelo link https:\/\/webconf.ufpel.edu.br\/b\/val-ym7-u7r.<\/p>\n<p>A qualifica\u00e7\u00e3o ocorrer\u00e1 no dia 03 de maio de 2022 \u00e0s 14 horas.<\/p>\n","protected":false},"excerpt":{"rendered":"<p>&nbsp; A Coordena\u00e7\u00e3o do PPGD\/UFPel convida a comunidade para a banca de qualifica\u00e7\u00e3o da disserta\u00e7\u00e3o \u201cEnsino remoto emergencial em faculdades de Direito de institui\u00e7\u00f5es p\u00fablicas e privadas: o direito social \u00e0 educa\u00e7\u00e3o no contexto da pandemia pela COVID-19\u201d do aluno Taiguer Henrique Silva Saraiva, acess\u00edvel pelo link https:\/\/webconf.ufpel.edu.br\/b\/val-ym7-u7r. A qualifica\u00e7\u00e3o ocorrer\u00e1 no dia 03 de &hellip; <\/p>\n<p><a class=\"more-link btn\" href=\"https:\/\/wp.ufpel.edu.br\/ppgd\/2022\/04\/27\/banca-de-qualificacao-2\/\">Continue lendo<\/a><\/p>\n","protected":false},"author":293,"featured_media":0,"comment_status":"closed","ping_status":"closed","sticky":false,"template":"","format":"standard","meta":{"_jetpack_memberships_contains_paid_content":false,"footnotes":""},"categories":[12],"tags":[],"class_list":["post-4632","post","type-post","status-publish","format-standard","hentry","category-defesas-de-dissertacao","item-wrap"],"jetpack_featured_media_url":"","jetpack-related-posts":[],"jetpack_sharing_enabled":true,"_links":{"self":[{"href":"https:\/\/wp.ufpel.edu.br\/ppgd\/wp-json\/wp\/v2\/posts\/4632","targetHints":{"allow":["GET"]}}],"collection":[{"href":"https:\/\/wp.ufpel.edu.br\/ppgd\/wp-json\/wp\/v2\/posts"}],"about":[{"href":"https:\/\/wp.ufpel.edu.br\/ppgd\/wp-json\/wp\/v2\/types\/post"}],"author":[{"embeddable":true,"href":"https:\/\/wp.ufpel.edu.br\/ppgd\/wp-json\/wp\/v2\/users\/293"}],"replies":[{"embeddable":true,"href":"https:\/\/wp.ufpel.edu.br\/ppgd\/wp-json\/wp\/v2\/comments?post=4632"}],"version-history":[{"count":2,"href":"https:\/\/wp.ufpel.edu.br\/ppgd\/wp-json\/wp\/v2\/posts\/4632\/revisions"}],"predecessor-version":[{"id":4636,"href":"https:\/\/wp.ufpel.edu.br\/ppgd\/wp-json\/wp\/v2\/posts\/4632\/revisions\/4636"}],"wp:attachment":[{"href":"https:\/\/wp.ufpel.edu.br\/ppgd\/wp-json\/wp\/v2\/media?parent=4632"}],"wp:term":[{"taxonomy":"category","embeddable":true,"href":"https:\/\/wp.ufpel.edu.br\/ppgd\/wp-json\/wp\/v2\/categories?post=4632"},{"taxonomy":"post_tag","embeddable":true,"href":"https:\/\/wp.ufpel.edu.br\/ppgd\/wp-json\/wp\/v2\/tags?post=4632"}],"curies":[{"name":"wp","href":"https:\/\/api.w.org\/{rel}","templated":true}]}}