{"id":4580,"date":"2022-03-18T11:37:25","date_gmt":"2022-03-18T14:37:25","guid":{"rendered":"https:\/\/wp.ufpel.edu.br\/ppgd\/?p=4580"},"modified":"2023-04-18T14:50:21","modified_gmt":"2023-04-18T17:50:21","slug":"aula-aberta-os-direitos-humanos-face-as-vulnerabilidades-climaticas","status":"publish","type":"post","link":"https:\/\/wp.ufpel.edu.br\/ppgd\/2022\/03\/18\/aula-aberta-os-direitos-humanos-face-as-vulnerabilidades-climaticas\/","title":{"rendered":"Aula aberta: Os direitos humanos face \u00e0s vulnerabilidades clim\u00e1ticas"},"content":{"rendered":"<p><img data-recalc-dims=\"1\" loading=\"lazy\" decoding=\"async\" class=\"size-medium wp-image-4583 aligncenter\" src=\"https:\/\/i0.wp.com\/wp.ufpel.edu.br\/ppgd\/files\/2022\/03\/Aula-Aberta-Carolina-Grassi-Final.png?resize=400%2C400&#038;ssl=1\" alt=\"\" width=\"400\" height=\"400\" srcset=\"https:\/\/i0.wp.com\/wp.ufpel.edu.br\/ppgd\/files\/2022\/03\/Aula-Aberta-Carolina-Grassi-Final.png?resize=400%2C400&amp;ssl=1 400w, https:\/\/i0.wp.com\/wp.ufpel.edu.br\/ppgd\/files\/2022\/03\/Aula-Aberta-Carolina-Grassi-Final.png?resize=1024%2C1024&amp;ssl=1 1024w, https:\/\/i0.wp.com\/wp.ufpel.edu.br\/ppgd\/files\/2022\/03\/Aula-Aberta-Carolina-Grassi-Final.png?resize=200%2C200&amp;ssl=1 200w, https:\/\/i0.wp.com\/wp.ufpel.edu.br\/ppgd\/files\/2022\/03\/Aula-Aberta-Carolina-Grassi-Final.png?resize=768%2C768&amp;ssl=1 768w, https:\/\/i0.wp.com\/wp.ufpel.edu.br\/ppgd\/files\/2022\/03\/Aula-Aberta-Carolina-Grassi-Final.png?w=1080&amp;ssl=1 1080w\" sizes=\"auto, (max-width: 400px) 100vw, 400px\" \/><\/p>\n<p><span class=\"d2edcug0 hpfvmrgz qv66sw1b c1et5uql lr9zc1uh a8c37x1j keod5gw0 nxhoafnm aigsh9s9 d3f4x2em fe6kdd0r mau55g9w c8b282yb iv3no6db gfeo3gy3 a3bd9o3v b1v8xokw oo9gr5id\" dir=\"auto\">O Programa de P\u00f3s-Gradua\u00e7\u00e3o em Direito da Universidade Federal de Pelotas tem a honra de convidar para a aula aberta \u201cOs direitos humanos face \u00e0s vulnerabilidades clim\u00e1ticas\u201d, a ser realizada no dia 31 de mar\u00e7o, \u00e0s 18 horas.<\/span><\/p>\n<p>A palestrante ser\u00e1 a Doutoranda, em Direito P\u00fablico pela Aix-Marseille Universit\u00e9 (Fran\u00e7a), Carolina Hernandes Grassi.<\/p>\n<p>O evento ser\u00e1 transmitido pelo <a href=\"https:\/\/www.youtube.com\/channel\/UCJ-UPeDpM8q57l-n0Yn5_WQ\/videos\">Canal do PPGD \u2013 UFPel no YouTube<\/a>.<\/p>\n","protected":false},"excerpt":{"rendered":"<p>O Programa de P\u00f3s-Gradua\u00e7\u00e3o em Direito da Universidade Federal de Pelotas tem a honra de convidar para a aula aberta \u201cOs direitos humanos face \u00e0s vulnerabilidades clim\u00e1ticas\u201d, a ser realizada no dia 31 de mar\u00e7o, \u00e0s 18 horas. A palestrante ser\u00e1 a Doutoranda, em Direito P\u00fablico pela Aix-Marseille Universit\u00e9 (Fran\u00e7a), Carolina Hernandes Grassi. O evento &hellip; <\/p>\n<p><a class=\"more-link btn\" href=\"https:\/\/wp.ufpel.edu.br\/ppgd\/2022\/03\/18\/aula-aberta-os-direitos-humanos-face-as-vulnerabilidades-climaticas\/\">Continue lendo<\/a><\/p>\n","protected":false},"author":293,"featured_media":0,"comment_status":"closed","ping_status":"closed","sticky":false,"template":"","format":"standard","meta":{"_jetpack_memberships_contains_paid_content":false,"footnotes":""},"categories":[15],"tags":[],"class_list":["post-4580","post","type-post","status-publish","format-standard","hentry","category-eventos","item-wrap"],"jetpack_featured_media_url":"","jetpack-related-posts":[],"jetpack_sharing_enabled":true,"_links":{"self":[{"href":"https:\/\/wp.ufpel.edu.br\/ppgd\/wp-json\/wp\/v2\/posts\/4580","targetHints":{"allow":["GET"]}}],"collection":[{"href":"https:\/\/wp.ufpel.edu.br\/ppgd\/wp-json\/wp\/v2\/posts"}],"about":[{"href":"https:\/\/wp.ufpel.edu.br\/ppgd\/wp-json\/wp\/v2\/types\/post"}],"author":[{"embeddable":true,"href":"https:\/\/wp.ufpel.edu.br\/ppgd\/wp-json\/wp\/v2\/users\/293"}],"replies":[{"embeddable":true,"href":"https:\/\/wp.ufpel.edu.br\/ppgd\/wp-json\/wp\/v2\/comments?post=4580"}],"version-history":[{"count":2,"href":"https:\/\/wp.ufpel.edu.br\/ppgd\/wp-json\/wp\/v2\/posts\/4580\/revisions"}],"predecessor-version":[{"id":4584,"href":"https:\/\/wp.ufpel.edu.br\/ppgd\/wp-json\/wp\/v2\/posts\/4580\/revisions\/4584"}],"wp:attachment":[{"href":"https:\/\/wp.ufpel.edu.br\/ppgd\/wp-json\/wp\/v2\/media?parent=4580"}],"wp:term":[{"taxonomy":"category","embeddable":true,"href":"https:\/\/wp.ufpel.edu.br\/ppgd\/wp-json\/wp\/v2\/categories?post=4580"},{"taxonomy":"post_tag","embeddable":true,"href":"https:\/\/wp.ufpel.edu.br\/ppgd\/wp-json\/wp\/v2\/tags?post=4580"}],"curies":[{"name":"wp","href":"https:\/\/api.w.org\/{rel}","templated":true}]}}