{"id":3824,"date":"2021-05-24T11:26:22","date_gmt":"2021-05-24T14:26:22","guid":{"rendered":"https:\/\/wp.ufpel.edu.br\/ppgd\/?p=3824"},"modified":"2023-04-19T11:31:45","modified_gmt":"2023-04-19T14:31:45","slug":"banca-de-qualificacao-de-mestrado-2","status":"publish","type":"post","link":"https:\/\/wp.ufpel.edu.br\/ppgd\/2021\/05\/24\/banca-de-qualificacao-de-mestrado-2\/","title":{"rendered":"Banca de qualifica\u00e7\u00e3o de mestrado"},"content":{"rendered":"<p>A Coordena\u00e7\u00e3o do PPGD\/UFPel convida a comunidade para a banca de qualifica\u00e7\u00e3o da disserta\u00e7\u00e3o &#8220;Novas tecnologias e efetividade dos direitos fundamentais trabalhistas: uma an\u00e1lise a partir da solu\u00e7\u00e3o adequada dos conflitos como forma de acesso \u00e0 justi\u00e7a&#8221; da aluna Marcela Casanova Viana Arena, <strong>acess\u00edvel pelo link https:\/\/webconf.ufpel.edu.br\/b\/mar-qa3-czd<\/strong>. A qualifica\u00e7\u00e3o ocorrer\u00e1 no dia 26 de maio de 2021 \u00e0s 09 horas.<a href=\"https:\/\/i0.wp.com\/wp.ufpel.edu.br\/ppgd\/files\/2021\/05\/Qualificacao-Marcela-Casanova-Viana.jpg?ssl=1\"><img data-recalc-dims=\"1\" loading=\"lazy\" decoding=\"async\" class=\"alignnone size-large wp-image-3822\" src=\"https:\/\/i0.wp.com\/wp.ufpel.edu.br\/ppgd\/files\/2021\/05\/Qualificacao-Marcela-Casanova-Viana.jpg?resize=736.66666666667%2C719&#038;ssl=1\" alt=\"\" width=\"736.66666666667\" height=\"719\" srcset=\"https:\/\/i0.wp.com\/wp.ufpel.edu.br\/ppgd\/files\/2021\/05\/Qualificacao-Marcela-Casanova-Viana.jpg?resize=1024%2C1000&amp;ssl=1 1024w, https:\/\/i0.wp.com\/wp.ufpel.edu.br\/ppgd\/files\/2021\/05\/Qualificacao-Marcela-Casanova-Viana.jpg?resize=400%2C391&amp;ssl=1 400w, https:\/\/i0.wp.com\/wp.ufpel.edu.br\/ppgd\/files\/2021\/05\/Qualificacao-Marcela-Casanova-Viana.jpg?resize=768%2C750&amp;ssl=1 768w, https:\/\/i0.wp.com\/wp.ufpel.edu.br\/ppgd\/files\/2021\/05\/Qualificacao-Marcela-Casanova-Viana.jpg?w=1120&amp;ssl=1 1120w\" sizes=\"auto, (max-width: 736px) 100vw, 736px\" \/><\/a><\/p>\n","protected":false},"excerpt":{"rendered":"<p>A Coordena\u00e7\u00e3o do PPGD\/UFPel convida a comunidade para a banca de qualifica\u00e7\u00e3o da disserta\u00e7\u00e3o &#8220;Novas tecnologias e efetividade dos direitos fundamentais trabalhistas: uma an\u00e1lise a partir da solu\u00e7\u00e3o adequada dos conflitos como forma de acesso \u00e0 justi\u00e7a&#8221; da aluna Marcela Casanova Viana Arena, acess\u00edvel pelo link https:\/\/webconf.ufpel.edu.br\/b\/mar-qa3-czd. A qualifica\u00e7\u00e3o ocorrer\u00e1 no dia 26 de maio &hellip; <\/p>\n<p><a class=\"more-link btn\" href=\"https:\/\/wp.ufpel.edu.br\/ppgd\/2021\/05\/24\/banca-de-qualificacao-de-mestrado-2\/\">Continue lendo<\/a><\/p>\n","protected":false},"author":293,"featured_media":0,"comment_status":"closed","ping_status":"closed","sticky":false,"template":"","format":"standard","meta":{"_jetpack_memberships_contains_paid_content":false,"footnotes":""},"categories":[12],"tags":[],"class_list":["post-3824","post","type-post","status-publish","format-standard","hentry","category-defesas-de-dissertacao","item-wrap"],"jetpack_featured_media_url":"","jetpack-related-posts":[],"jetpack_sharing_enabled":true,"_links":{"self":[{"href":"https:\/\/wp.ufpel.edu.br\/ppgd\/wp-json\/wp\/v2\/posts\/3824","targetHints":{"allow":["GET"]}}],"collection":[{"href":"https:\/\/wp.ufpel.edu.br\/ppgd\/wp-json\/wp\/v2\/posts"}],"about":[{"href":"https:\/\/wp.ufpel.edu.br\/ppgd\/wp-json\/wp\/v2\/types\/post"}],"author":[{"embeddable":true,"href":"https:\/\/wp.ufpel.edu.br\/ppgd\/wp-json\/wp\/v2\/users\/293"}],"replies":[{"embeddable":true,"href":"https:\/\/wp.ufpel.edu.br\/ppgd\/wp-json\/wp\/v2\/comments?post=3824"}],"version-history":[{"count":1,"href":"https:\/\/wp.ufpel.edu.br\/ppgd\/wp-json\/wp\/v2\/posts\/3824\/revisions"}],"predecessor-version":[{"id":3826,"href":"https:\/\/wp.ufpel.edu.br\/ppgd\/wp-json\/wp\/v2\/posts\/3824\/revisions\/3826"}],"wp:attachment":[{"href":"https:\/\/wp.ufpel.edu.br\/ppgd\/wp-json\/wp\/v2\/media?parent=3824"}],"wp:term":[{"taxonomy":"category","embeddable":true,"href":"https:\/\/wp.ufpel.edu.br\/ppgd\/wp-json\/wp\/v2\/categories?post=3824"},{"taxonomy":"post_tag","embeddable":true,"href":"https:\/\/wp.ufpel.edu.br\/ppgd\/wp-json\/wp\/v2\/tags?post=3824"}],"curies":[{"name":"wp","href":"https:\/\/api.w.org\/{rel}","templated":true}]}}