{"id":1008,"date":"2022-03-03T18:07:06","date_gmt":"2022-03-03T21:07:06","guid":{"rendered":"https:\/\/wp.ufpel.edu.br\/ppgcts\/?p=1008"},"modified":"2022-05-23T10:56:52","modified_gmt":"2022-05-23T13:56:52","slug":"matriculas-ppgcts-2022-01","status":"publish","type":"post","link":"https:\/\/wp.ufpel.edu.br\/ppgcts\/2022\/03\/03\/matriculas-ppgcts-2022-01\/","title":{"rendered":"Matr\u00edculas PPGCTS 2022\/01"},"content":{"rendered":"<p>As matr\u00edculas 2022\/01 ocorrer\u00e3o no per\u00edodo de 09\/03-11\/03\/2022.<\/p>\n<p>Disciplinas ofertadas e hor\u00e1rios :<a href=\"https:\/\/wp.ufpel.edu.br\/ppgcts\/files\/2022\/03\/Ofertas-e-horarios-PPGCTS.pdf\">Ofertas e hor\u00e1rios PPGCTS<\/a><\/p>\n<p><strong>***Retifica\u00e7\u00e3o dos hor\u00e1rios das disciplinas\u00a0 semestre 01\/2022<\/strong><\/p>\n<p>Produ\u00e7\u00e3o de sementes &#8211; 25 a 29 de abril de 2022<\/p>\n<p>Beneficiamento de sementes &#8211; 23 a 27 de maio de 2022<\/p>\n<p>Fundamentos da Qualidade de Sementes &#8211; 30\/05 a 03\/06 de 2022<\/p>\n<p>Pesquisa Orientada &#8211; 30\/05 a 03\/06 de 2022<\/p>\n<p>Semin\u00e1rios &#8211; 09 e 10 de junho de 2022<\/p>\n<p>&nbsp;<\/p>\n","protected":false},"excerpt":{"rendered":"<p>As matr\u00edculas 2022\/01 ocorrer\u00e3o no per\u00edodo de 09\/03-11\/03\/2022. Disciplinas ofertadas e hor\u00e1rios :Ofertas e hor\u00e1rios PPGCTS ***Retifica\u00e7\u00e3o dos hor\u00e1rios das disciplinas\u00a0 semestre 01\/2022 Produ\u00e7\u00e3o de sementes &#8211; 25 a 29 de abril de 2022 Beneficiamento de sementes &#8211; 23 a 27 de maio de 2022 Fundamentos da Qualidade de Sementes &#8211; 30\/05 a 03\/06 de<a class=\"more-link\" href=\"https:\/\/wp.ufpel.edu.br\/ppgcts\/2022\/03\/03\/matriculas-ppgcts-2022-01\/\">Continue reading <span class=\"screen-reader-text\">&#8220;Matr\u00edculas PPGCTS 2022\/01&#8221;<\/span><\/a><\/p>\n","protected":false},"author":376,"featured_media":0,"comment_status":"closed","ping_status":"closed","sticky":false,"template":"","format":"standard","meta":{"footnotes":""},"categories":[20],"tags":[],"class_list":["post-1008","post","type-post","status-publish","format-standard","hentry","category-mestrado-e-doutorado-academico"],"jetpack_featured_media_url":"","_links":{"self":[{"href":"https:\/\/wp.ufpel.edu.br\/ppgcts\/wp-json\/wp\/v2\/posts\/1008","targetHints":{"allow":["GET"]}}],"collection":[{"href":"https:\/\/wp.ufpel.edu.br\/ppgcts\/wp-json\/wp\/v2\/posts"}],"about":[{"href":"https:\/\/wp.ufpel.edu.br\/ppgcts\/wp-json\/wp\/v2\/types\/post"}],"author":[{"embeddable":true,"href":"https:\/\/wp.ufpel.edu.br\/ppgcts\/wp-json\/wp\/v2\/users\/376"}],"replies":[{"embeddable":true,"href":"https:\/\/wp.ufpel.edu.br\/ppgcts\/wp-json\/wp\/v2\/comments?post=1008"}],"version-history":[{"count":4,"href":"https:\/\/wp.ufpel.edu.br\/ppgcts\/wp-json\/wp\/v2\/posts\/1008\/revisions"}],"predecessor-version":[{"id":1024,"href":"https:\/\/wp.ufpel.edu.br\/ppgcts\/wp-json\/wp\/v2\/posts\/1008\/revisions\/1024"}],"wp:attachment":[{"href":"https:\/\/wp.ufpel.edu.br\/ppgcts\/wp-json\/wp\/v2\/media?parent=1008"}],"wp:term":[{"taxonomy":"category","embeddable":true,"href":"https:\/\/wp.ufpel.edu.br\/ppgcts\/wp-json\/wp\/v2\/categories?post=1008"},{"taxonomy":"post_tag","embeddable":true,"href":"https:\/\/wp.ufpel.edu.br\/ppgcts\/wp-json\/wp\/v2\/tags?post=1008"}],"curies":[{"name":"wp","href":"https:\/\/api.w.org\/{rel}","templated":true}]}}