{"id":983,"date":"2016-10-24T22:27:22","date_gmt":"2016-10-25T00:27:22","guid":{"rendered":"https:\/\/wp.ufpel.edu.br\/ppgcienciapolitica\/?p=983"},"modified":"2019-04-04T18:41:11","modified_gmt":"2019-04-04T21:41:11","slug":"aviso","status":"publish","type":"post","link":"https:\/\/wp.ufpel.edu.br\/ppgcienciapolitica\/aviso\/","title":{"rendered":"AVISO &#8211; em fun\u00e7\u00e3o do Ponto Facultativo na UFPel, n\u00e3o haver\u00e1 inscri\u00e7\u00e3o dia 28 de outubro"},"content":{"rendered":"<h4>O dia 28 de outubro, sexta-feira, ser\u00e1 ponto facultativo na UFPel, conforme determinado pelo Calend\u00e1rio Acad\u00eamico.<br \/>\nDesse modo, nesse dia\u00a0n\u00e3o haver\u00e1 inscri\u00e7\u00e3o para o processo seletivo do Mestrado.<\/h4>\n","protected":false},"excerpt":{"rendered":"<p>O dia 28 de outubro, sexta-feira, ser\u00e1 ponto facultativo na UFPel, conforme determinado pelo Calend\u00e1rio Acad\u00eamico. Desse modo, nesse dia\u00a0n\u00e3o haver\u00e1 inscri\u00e7\u00e3o para o processo seletivo do Mestrado.<\/p>\n","protected":false},"author":555,"featured_media":0,"comment_status":"closed","ping_status":"closed","sticky":false,"template":"","format":"standard","meta":{"_jetpack_memberships_contains_paid_content":false,"footnotes":""},"categories":[25],"tags":[],"class_list":["post-983","post","type-post","status-publish","format-standard","hentry","category-noticias-pt"],"jetpack_featured_media_url":"","jetpack_sharing_enabled":true,"_links":{"self":[{"href":"https:\/\/wp.ufpel.edu.br\/ppgcienciapolitica\/wp-json\/wp\/v2\/posts\/983","targetHints":{"allow":["GET"]}}],"collection":[{"href":"https:\/\/wp.ufpel.edu.br\/ppgcienciapolitica\/wp-json\/wp\/v2\/posts"}],"about":[{"href":"https:\/\/wp.ufpel.edu.br\/ppgcienciapolitica\/wp-json\/wp\/v2\/types\/post"}],"author":[{"embeddable":true,"href":"https:\/\/wp.ufpel.edu.br\/ppgcienciapolitica\/wp-json\/wp\/v2\/users\/555"}],"replies":[{"embeddable":true,"href":"https:\/\/wp.ufpel.edu.br\/ppgcienciapolitica\/wp-json\/wp\/v2\/comments?post=983"}],"version-history":[{"count":6,"href":"https:\/\/wp.ufpel.edu.br\/ppgcienciapolitica\/wp-json\/wp\/v2\/posts\/983\/revisions"}],"predecessor-version":[{"id":989,"href":"https:\/\/wp.ufpel.edu.br\/ppgcienciapolitica\/wp-json\/wp\/v2\/posts\/983\/revisions\/989"}],"wp:attachment":[{"href":"https:\/\/wp.ufpel.edu.br\/ppgcienciapolitica\/wp-json\/wp\/v2\/media?parent=983"}],"wp:term":[{"taxonomy":"category","embeddable":true,"href":"https:\/\/wp.ufpel.edu.br\/ppgcienciapolitica\/wp-json\/wp\/v2\/categories?post=983"},{"taxonomy":"post_tag","embeddable":true,"href":"https:\/\/wp.ufpel.edu.br\/ppgcienciapolitica\/wp-json\/wp\/v2\/tags?post=983"}],"curies":[{"name":"wp","href":"https:\/\/api.w.org\/{rel}","templated":true}]}}