{"id":921,"date":"2016-09-05T20:54:21","date_gmt":"2016-09-05T23:54:21","guid":{"rendered":"https:\/\/wp.ufpel.edu.br\/ppgcienciapolitica\/?p=921"},"modified":"2019-04-04T18:05:05","modified_gmt":"2019-04-04T21:05:05","slug":"concurso-para-professor-efetivo-area-de-ciencia-politica","status":"publish","type":"post","link":"https:\/\/wp.ufpel.edu.br\/ppgcienciapolitica\/concurso-para-professor-efetivo-area-de-ciencia-politica\/","title":{"rendered":"Concurso para Professor Efetivo &#8211; \u00c1rea de Ci\u00eancia Pol\u00edtica"},"content":{"rendered":"<p>Divulgamos o Concurso para Professor Efetivo &#8211; \u00c1rea de Ci\u00eancia Pol\u00edtica, para o Departamento de Sociologia e Pol\u00edtica do IFISP\/UFPel. Mais informa\u00e7\u00f5es no\u00a0Edital n. 40\/2016 (http:\/\/concursos.ufpel.edu.br\/wp\/edital-0402016-professor-efetivo\/).<\/p>\n","protected":false},"excerpt":{"rendered":"<p>Divulgamos o Concurso para Professor Efetivo &#8211; \u00c1rea de Ci\u00eancia Pol\u00edtica, para o Departamento de Sociologia e Pol\u00edtica do IFISP\/UFPel. Mais informa\u00e7\u00f5es no\u00a0Edital n. 40\/2016 (http:\/\/concursos.ufpel.edu.br\/wp\/edital-0402016-professor-efetivo\/).<\/p>\n","protected":false},"author":555,"featured_media":0,"comment_status":"closed","ping_status":"closed","sticky":false,"template":"","format":"standard","meta":{"_jetpack_memberships_contains_paid_content":false,"footnotes":""},"categories":[25],"tags":[],"class_list":["post-921","post","type-post","status-publish","format-standard","hentry","category-noticias-pt"],"jetpack_featured_media_url":"","jetpack_sharing_enabled":true,"_links":{"self":[{"href":"https:\/\/wp.ufpel.edu.br\/ppgcienciapolitica\/wp-json\/wp\/v2\/posts\/921","targetHints":{"allow":["GET"]}}],"collection":[{"href":"https:\/\/wp.ufpel.edu.br\/ppgcienciapolitica\/wp-json\/wp\/v2\/posts"}],"about":[{"href":"https:\/\/wp.ufpel.edu.br\/ppgcienciapolitica\/wp-json\/wp\/v2\/types\/post"}],"author":[{"embeddable":true,"href":"https:\/\/wp.ufpel.edu.br\/ppgcienciapolitica\/wp-json\/wp\/v2\/users\/555"}],"replies":[{"embeddable":true,"href":"https:\/\/wp.ufpel.edu.br\/ppgcienciapolitica\/wp-json\/wp\/v2\/comments?post=921"}],"version-history":[{"count":1,"href":"https:\/\/wp.ufpel.edu.br\/ppgcienciapolitica\/wp-json\/wp\/v2\/posts\/921\/revisions"}],"predecessor-version":[{"id":922,"href":"https:\/\/wp.ufpel.edu.br\/ppgcienciapolitica\/wp-json\/wp\/v2\/posts\/921\/revisions\/922"}],"wp:attachment":[{"href":"https:\/\/wp.ufpel.edu.br\/ppgcienciapolitica\/wp-json\/wp\/v2\/media?parent=921"}],"wp:term":[{"taxonomy":"category","embeddable":true,"href":"https:\/\/wp.ufpel.edu.br\/ppgcienciapolitica\/wp-json\/wp\/v2\/categories?post=921"},{"taxonomy":"post_tag","embeddable":true,"href":"https:\/\/wp.ufpel.edu.br\/ppgcienciapolitica\/wp-json\/wp\/v2\/tags?post=921"}],"curies":[{"name":"wp","href":"https:\/\/api.w.org\/{rel}","templated":true}]}}