{"id":898,"date":"2016-08-18T15:41:47","date_gmt":"2016-08-18T18:41:47","guid":{"rendered":"https:\/\/wp.ufpel.edu.br\/ppgcienciapolitica\/?p=898"},"modified":"2019-04-04T18:09:12","modified_gmt":"2019-04-04T21:09:12","slug":"ufpel-inscreve-para-teste-de-proficiencia","status":"publish","type":"post","link":"https:\/\/wp.ufpel.edu.br\/ppgcienciapolitica\/ufpel-inscreve-para-teste-de-proficiencia\/","title":{"rendered":"UFPel inscreve para teste de profici\u00eancia"},"content":{"rendered":"<p>As\u00a0inscri\u00e7\u00f5es da UFPel para teste de profici\u00eancia v\u00e3o at\u00e9 25 de agosto.<\/p>\n<p>Lembramos aos\u00a0discentes do PPGCPol que s\u00e3o aceitas profici\u00eancias em Franc\u00eas e\/ou Ingl\u00eas (alunos de Mestrado: profici\u00eancia em um dos dois idiomas; alunos de Doutorado:profici\u00eancia nos dois idiomas).<\/p>\n<p>Mais informa\u00e7\u00f5es em:\u00a0<a href=\"http:\/\/ccs2.ufpel.edu.br\/wp\/2016\/08\/15\/ufpel-inscreve-para-teste-de-proficiencia\/\">http:\/\/ccs2.ufpel.edu.br\/wp\/2016\/08\/15\/ufpel-inscreve-para-teste-de-proficiencia\/<\/a><\/p>\n<p>&nbsp;<\/p>\n","protected":false},"excerpt":{"rendered":"<p>As\u00a0inscri\u00e7\u00f5es da UFPel para teste de profici\u00eancia v\u00e3o at\u00e9 25 de agosto. Lembramos aos\u00a0discentes do PPGCPol que s\u00e3o aceitas profici\u00eancias em Franc\u00eas e\/ou Ingl\u00eas (alunos de Mestrado: profici\u00eancia em um dos dois idiomas; alunos de Doutorado:profici\u00eancia nos dois idiomas). Mais informa\u00e7\u00f5es em:\u00a0http:\/\/ccs2.ufpel.edu.br\/wp\/2016\/08\/15\/ufpel-inscreve-para-teste-de-proficiencia\/ &nbsp;<\/p>\n","protected":false},"author":555,"featured_media":0,"comment_status":"closed","ping_status":"closed","sticky":false,"template":"","format":"standard","meta":{"_jetpack_memberships_contains_paid_content":false,"footnotes":""},"categories":[25],"tags":[],"class_list":["post-898","post","type-post","status-publish","format-standard","hentry","category-noticias-pt"],"jetpack_featured_media_url":"","jetpack_sharing_enabled":true,"_links":{"self":[{"href":"https:\/\/wp.ufpel.edu.br\/ppgcienciapolitica\/wp-json\/wp\/v2\/posts\/898","targetHints":{"allow":["GET"]}}],"collection":[{"href":"https:\/\/wp.ufpel.edu.br\/ppgcienciapolitica\/wp-json\/wp\/v2\/posts"}],"about":[{"href":"https:\/\/wp.ufpel.edu.br\/ppgcienciapolitica\/wp-json\/wp\/v2\/types\/post"}],"author":[{"embeddable":true,"href":"https:\/\/wp.ufpel.edu.br\/ppgcienciapolitica\/wp-json\/wp\/v2\/users\/555"}],"replies":[{"embeddable":true,"href":"https:\/\/wp.ufpel.edu.br\/ppgcienciapolitica\/wp-json\/wp\/v2\/comments?post=898"}],"version-history":[{"count":1,"href":"https:\/\/wp.ufpel.edu.br\/ppgcienciapolitica\/wp-json\/wp\/v2\/posts\/898\/revisions"}],"predecessor-version":[{"id":899,"href":"https:\/\/wp.ufpel.edu.br\/ppgcienciapolitica\/wp-json\/wp\/v2\/posts\/898\/revisions\/899"}],"wp:attachment":[{"href":"https:\/\/wp.ufpel.edu.br\/ppgcienciapolitica\/wp-json\/wp\/v2\/media?parent=898"}],"wp:term":[{"taxonomy":"category","embeddable":true,"href":"https:\/\/wp.ufpel.edu.br\/ppgcienciapolitica\/wp-json\/wp\/v2\/categories?post=898"},{"taxonomy":"post_tag","embeddable":true,"href":"https:\/\/wp.ufpel.edu.br\/ppgcienciapolitica\/wp-json\/wp\/v2\/tags?post=898"}],"curies":[{"name":"wp","href":"https:\/\/api.w.org\/{rel}","templated":true}]}}