{"id":667,"date":"2016-05-23T11:34:24","date_gmt":"2016-05-23T14:34:24","guid":{"rendered":"https:\/\/wp.ufpel.edu.br\/ppgcienciapolitica\/?p=667"},"modified":"2019-04-04T18:33:49","modified_gmt":"2019-04-04T21:33:49","slug":"qualificacao-projeto-de-dissertacao","status":"publish","type":"post","link":"https:\/\/wp.ufpel.edu.br\/ppgcienciapolitica\/qualificacao-projeto-de-dissertacao\/","title":{"rendered":"Qualifica\u00e7\u00e3o Projeto de Disserta\u00e7\u00e3o"},"content":{"rendered":"<p>Convidamos para a Qualifica\u00e7\u00e3o do Projeto de Disserta\u00e7\u00e3o da aluna Ana Paula Dupuy Patella, intitulado &#8220;&#8216;<span lang=\"PT\">A Judicializa\u00e7\u00e3o da Sa\u00fade:<\/span><span lang=\"PT\"> Um Ciclo Vicioso que Compromete a Efetividade do Sistema \u00danico de Sa\u00fade&#8221;. A banca ocorrer\u00e1 em 23\/05\/2016 \u00e0s 14h no IFISP\/UFPel\u00a0e ser\u00e1 composta pelos professores Hemerson L. Pase (Orientador), Claudio Leivas e L\u00e9o Peixoto Rodrigues.<\/span><\/p>\n","protected":false},"excerpt":{"rendered":"<p>Convidamos para a Qualifica\u00e7\u00e3o do Projeto de Disserta\u00e7\u00e3o da aluna Ana Paula Dupuy Patella, intitulado &#8220;&#8216;A Judicializa\u00e7\u00e3o da Sa\u00fade: Um Ciclo Vicioso que Compromete a Efetividade do Sistema \u00danico de Sa\u00fade&#8221;. A banca ocorrer\u00e1 em 23\/05\/2016 \u00e0s 14h no IFISP\/UFPel\u00a0e ser\u00e1 composta pelos professores Hemerson L. Pase (Orientador), Claudio Leivas e L\u00e9o Peixoto Rodrigues.<\/p>\n","protected":false},"author":555,"featured_media":0,"comment_status":"closed","ping_status":"closed","sticky":false,"template":"","format":"standard","meta":{"_jetpack_memberships_contains_paid_content":false,"footnotes":""},"categories":[25],"tags":[],"class_list":["post-667","post","type-post","status-publish","format-standard","hentry","category-noticias-pt"],"jetpack_featured_media_url":"","jetpack_sharing_enabled":true,"_links":{"self":[{"href":"https:\/\/wp.ufpel.edu.br\/ppgcienciapolitica\/wp-json\/wp\/v2\/posts\/667","targetHints":{"allow":["GET"]}}],"collection":[{"href":"https:\/\/wp.ufpel.edu.br\/ppgcienciapolitica\/wp-json\/wp\/v2\/posts"}],"about":[{"href":"https:\/\/wp.ufpel.edu.br\/ppgcienciapolitica\/wp-json\/wp\/v2\/types\/post"}],"author":[{"embeddable":true,"href":"https:\/\/wp.ufpel.edu.br\/ppgcienciapolitica\/wp-json\/wp\/v2\/users\/555"}],"replies":[{"embeddable":true,"href":"https:\/\/wp.ufpel.edu.br\/ppgcienciapolitica\/wp-json\/wp\/v2\/comments?post=667"}],"version-history":[{"count":1,"href":"https:\/\/wp.ufpel.edu.br\/ppgcienciapolitica\/wp-json\/wp\/v2\/posts\/667\/revisions"}],"predecessor-version":[{"id":668,"href":"https:\/\/wp.ufpel.edu.br\/ppgcienciapolitica\/wp-json\/wp\/v2\/posts\/667\/revisions\/668"}],"wp:attachment":[{"href":"https:\/\/wp.ufpel.edu.br\/ppgcienciapolitica\/wp-json\/wp\/v2\/media?parent=667"}],"wp:term":[{"taxonomy":"category","embeddable":true,"href":"https:\/\/wp.ufpel.edu.br\/ppgcienciapolitica\/wp-json\/wp\/v2\/categories?post=667"},{"taxonomy":"post_tag","embeddable":true,"href":"https:\/\/wp.ufpel.edu.br\/ppgcienciapolitica\/wp-json\/wp\/v2\/tags?post=667"}],"curies":[{"name":"wp","href":"https:\/\/api.w.org\/{rel}","templated":true}]}}