{"id":657,"date":"2016-05-13T10:31:14","date_gmt":"2016-05-13T13:31:14","guid":{"rendered":"https:\/\/wp.ufpel.edu.br\/ppgcienciapolitica\/?p=657"},"modified":"2019-04-04T18:36:13","modified_gmt":"2019-04-04T21:36:13","slug":"qualificacao-de-projetos-de-dissertacao-turma-2015","status":"publish","type":"post","link":"https:\/\/wp.ufpel.edu.br\/ppgcienciapolitica\/qualificacao-de-projetos-de-dissertacao-turma-2015\/","title":{"rendered":"Qualifica\u00e7\u00e3o de Projetos de Disserta\u00e7\u00e3o (Turma 2015)"},"content":{"rendered":"<p style=\"line-height: 18.0pt\"><span style=\"font-family: 'Georgia',serif;color: #333333;background: white\">Convidamos toda a comunidade acad\u00eamica para a Semana de Qualifica\u00e7\u00f5es de Projetos de Disserta\u00e7\u00e3o\u00a0do PPGCPol, turma 2015,\u00a0a ser realizada entre\u00a016 e 19 de maio de 2016.<\/span><\/p>\n<p style=\"line-height: 18.0pt\"><span style=\"font-family: 'Georgia',serif;color: #333333;background: white\">A agenda das<span class=\"apple-converted-space\">\u00a0<\/span>Bancas de Qualifica\u00e7\u00e3o est\u00e1 dispon\u00edvel no link:<\/span><a href=\"https:\/\/wp.ufpel.edu.br\/ppgcienciapolitica\/files\/2016\/05\/Qualifica\u00e7\u00f5es-Mestrado-2016-Turma-2015.pdf\">Qualifica\u00e7\u00f5es Mestrado 2016 (Turma 2015)<\/a><\/p>\n","protected":false},"excerpt":{"rendered":"<p>Convidamos toda a comunidade acad\u00eamica para a Semana de Qualifica\u00e7\u00f5es de Projetos de Disserta\u00e7\u00e3o\u00a0do PPGCPol, turma 2015,\u00a0a ser realizada entre\u00a016 e 19 de maio de 2016. A agenda das\u00a0Bancas de Qualifica\u00e7\u00e3o est\u00e1 dispon\u00edvel no link:Qualifica\u00e7\u00f5es Mestrado 2016 (Turma 2015)<\/p>\n","protected":false},"author":555,"featured_media":0,"comment_status":"closed","ping_status":"closed","sticky":false,"template":"","format":"standard","meta":{"_jetpack_memberships_contains_paid_content":false,"footnotes":""},"categories":[25],"tags":[],"class_list":["post-657","post","type-post","status-publish","format-standard","hentry","category-noticias-pt"],"jetpack_featured_media_url":"","jetpack_sharing_enabled":true,"_links":{"self":[{"href":"https:\/\/wp.ufpel.edu.br\/ppgcienciapolitica\/wp-json\/wp\/v2\/posts\/657","targetHints":{"allow":["GET"]}}],"collection":[{"href":"https:\/\/wp.ufpel.edu.br\/ppgcienciapolitica\/wp-json\/wp\/v2\/posts"}],"about":[{"href":"https:\/\/wp.ufpel.edu.br\/ppgcienciapolitica\/wp-json\/wp\/v2\/types\/post"}],"author":[{"embeddable":true,"href":"https:\/\/wp.ufpel.edu.br\/ppgcienciapolitica\/wp-json\/wp\/v2\/users\/555"}],"replies":[{"embeddable":true,"href":"https:\/\/wp.ufpel.edu.br\/ppgcienciapolitica\/wp-json\/wp\/v2\/comments?post=657"}],"version-history":[{"count":2,"href":"https:\/\/wp.ufpel.edu.br\/ppgcienciapolitica\/wp-json\/wp\/v2\/posts\/657\/revisions"}],"predecessor-version":[{"id":659,"href":"https:\/\/wp.ufpel.edu.br\/ppgcienciapolitica\/wp-json\/wp\/v2\/posts\/657\/revisions\/659"}],"wp:attachment":[{"href":"https:\/\/wp.ufpel.edu.br\/ppgcienciapolitica\/wp-json\/wp\/v2\/media?parent=657"}],"wp:term":[{"taxonomy":"category","embeddable":true,"href":"https:\/\/wp.ufpel.edu.br\/ppgcienciapolitica\/wp-json\/wp\/v2\/categories?post=657"},{"taxonomy":"post_tag","embeddable":true,"href":"https:\/\/wp.ufpel.edu.br\/ppgcienciapolitica\/wp-json\/wp\/v2\/tags?post=657"}],"curies":[{"name":"wp","href":"https:\/\/api.w.org\/{rel}","templated":true}]}}