{"id":5316,"date":"2026-04-05T19:43:02","date_gmt":"2026-04-05T22:43:02","guid":{"rendered":"https:\/\/wp.ufpel.edu.br\/ppgcienciapolitica\/?p=5316"},"modified":"2026-04-07T22:26:44","modified_gmt":"2026-04-08T01:26:44","slug":"banca-de-avaliacao-especifica-para-promocao-a-classe-de-professor-titular-do-prof-daniel-de-mendonca","status":"publish","type":"post","link":"https:\/\/wp.ufpel.edu.br\/ppgcienciapolitica\/banca-de-avaliacao-especifica-para-promocao-a-classe-de-professor-titular-do-prof-daniel-de-mendonca\/","title":{"rendered":"Banca de Avalia\u00e7\u00e3o Espec\u00edfica para Promo\u00e7\u00e3o \u00e0 Classe de Professor Titular do Prof. Daniel de Mendon\u00e7a"},"content":{"rendered":"<p>No dia <strong>7 de abril, \u00e0s 14h<\/strong>, acontecer\u00e1 a Banca de Avalia\u00e7\u00e3o Espec\u00edfica para Promo\u00e7\u00e3o \u00e0 Classe de Professor Titular do <strong>Professor Daniel de Mendon\u00e7a.<\/strong><\/p>\n<p>A atividade ocorrer\u00e1 na modalidade virtual, e a banca ser\u00e1 composta pelos seguintes membros:<\/p>\n<p><strong>Membros Titulares:<\/strong><\/p>\n<ul>\n<li>\u00c1lvaro Augusto de Borba Barreto \u2013 Doutor em Hist\u00f3ria pela Pontif\u00edcia Universidade Cat\u00f3lica do Rio Grande do Sul (PUCRS\/UFPel) \u2013 Presidente;<\/li>\n<li>Alice Ribeiro Casimiro Lopes \u2013 Doutora em Educa\u00e7\u00e3o pela Universidade do Estado do Rio de Janeiro (UERJ);<\/li>\n<li>C\u00e9li Regina Jardim Pinto \u2013 Doutora em Government pela University of Essex (UFRGS);<\/li>\n<li>Joanildo Albuquerque Burity \u2013 Doutor em Ideology and Discourse Analysis pela University of Essex (FUNDAJ).<\/li>\n<\/ul>\n<p><strong>\u00a0<\/strong><strong>Membros Suplentes:<\/strong><\/p>\n<ul>\n<li>Cl\u00e1udio Roberto Cogo Leivas \u2013 Doutor em Filosofia pela Universidade Federal do Rio Grande do Sul (UFRGS\/UFPel);<\/li>\n<li>Fabiano Engelmann \u2013 Doutor em Ci\u00eancia Pol\u00edtica pela Universidade Federal do Rio Grande do Sul (UFRGS).<\/li>\n<\/ul>\n<p><strong>\u00a0<\/strong><strong>Acesso \u00e0 sess\u00e3o:<\/strong><\/p>\n<p>A banca ser\u00e1 transmitida de forma virtual, com acesso pelo link: <a href=\"https:\/\/webconf.ufpel.edu.br\/b\/dan-ric-dqw-2p7\">https:\/\/webconf.ufpel.edu.br\/b\/dan-ric-dqw-2p7<\/a><\/p>\n<p>A comunidade acad\u00eamica est\u00e1 convidada a acompanhar a sess\u00e3o.<\/p>\n","protected":false},"excerpt":{"rendered":"<p>No dia 7 de abril, \u00e0s 14h, acontecer\u00e1 a Banca de Avalia\u00e7\u00e3o Espec\u00edfica para Promo\u00e7\u00e3o \u00e0 Classe de Professor Titular do Professor Daniel de Mendon\u00e7a. A atividade ocorrer\u00e1 na modalidade virtual, e a banca ser\u00e1 composta pelos seguintes membros: Membros Titulares: \u00c1lvaro Augusto de Borba Barreto \u2013 Doutor em Hist\u00f3ria pela Pontif\u00edcia Universidade Cat\u00f3lica do [&hellip;]<\/p>\n","protected":false},"author":555,"featured_media":0,"comment_status":"closed","ping_status":"closed","sticky":false,"template":"","format":"standard","meta":{"_jetpack_memberships_contains_paid_content":false,"footnotes":""},"categories":[103],"tags":[],"class_list":["post-5316","post","type-post","status-publish","format-standard","hentry","category-manchete"],"jetpack_featured_media_url":"","jetpack_sharing_enabled":true,"_links":{"self":[{"href":"https:\/\/wp.ufpel.edu.br\/ppgcienciapolitica\/wp-json\/wp\/v2\/posts\/5316","targetHints":{"allow":["GET"]}}],"collection":[{"href":"https:\/\/wp.ufpel.edu.br\/ppgcienciapolitica\/wp-json\/wp\/v2\/posts"}],"about":[{"href":"https:\/\/wp.ufpel.edu.br\/ppgcienciapolitica\/wp-json\/wp\/v2\/types\/post"}],"author":[{"embeddable":true,"href":"https:\/\/wp.ufpel.edu.br\/ppgcienciapolitica\/wp-json\/wp\/v2\/users\/555"}],"replies":[{"embeddable":true,"href":"https:\/\/wp.ufpel.edu.br\/ppgcienciapolitica\/wp-json\/wp\/v2\/comments?post=5316"}],"version-history":[{"count":3,"href":"https:\/\/wp.ufpel.edu.br\/ppgcienciapolitica\/wp-json\/wp\/v2\/posts\/5316\/revisions"}],"predecessor-version":[{"id":5319,"href":"https:\/\/wp.ufpel.edu.br\/ppgcienciapolitica\/wp-json\/wp\/v2\/posts\/5316\/revisions\/5319"}],"wp:attachment":[{"href":"https:\/\/wp.ufpel.edu.br\/ppgcienciapolitica\/wp-json\/wp\/v2\/media?parent=5316"}],"wp:term":[{"taxonomy":"category","embeddable":true,"href":"https:\/\/wp.ufpel.edu.br\/ppgcienciapolitica\/wp-json\/wp\/v2\/categories?post=5316"},{"taxonomy":"post_tag","embeddable":true,"href":"https:\/\/wp.ufpel.edu.br\/ppgcienciapolitica\/wp-json\/wp\/v2\/tags?post=5316"}],"curies":[{"name":"wp","href":"https:\/\/api.w.org\/{rel}","templated":true}]}}