{"id":5234,"date":"2026-02-19T23:47:37","date_gmt":"2026-02-20T02:47:37","guid":{"rendered":"https:\/\/wp.ufpel.edu.br\/ppgcienciapolitica\/?p=5234"},"modified":"2026-02-19T23:47:37","modified_gmt":"2026-02-20T02:47:37","slug":"disciplinas-e-cronograma-de-matricula-ppgcpol-2026-1","status":"publish","type":"post","link":"https:\/\/wp.ufpel.edu.br\/ppgcienciapolitica\/disciplinas-e-cronograma-de-matricula-ppgcpol-2026-1\/","title":{"rendered":"Disciplinas e Cronograma de Matr\u00edcula PPGCPol 2026\/1"},"content":{"rendered":"<p style=\"text-align: center;\"><a href=\"https:\/\/wp.ufpel.edu.br\/ppgcienciapolitica\/files\/2026\/02\/grade-de-disciplinas-1.png\"><img class=\"alignnone size-medium wp-image-5240\" src=\"https:\/\/wp.ufpel.edu.br\/ppgcienciapolitica\/files\/2026\/02\/grade-de-disciplinas-1-382x400.png\" alt=\"\" width=\"382\" height=\"400\" srcset=\"https:\/\/wp.ufpel.edu.br\/ppgcienciapolitica\/files\/2026\/02\/grade-de-disciplinas-1-382x400.png 382w, https:\/\/wp.ufpel.edu.br\/ppgcienciapolitica\/files\/2026\/02\/grade-de-disciplinas-1-768x804.png 768w, https:\/\/wp.ufpel.edu.br\/ppgcienciapolitica\/files\/2026\/02\/grade-de-disciplinas-1.png 873w\" sizes=\"(max-width: 382px) 100vw, 382px\" \/><\/a><\/p>\n<p class=\"Standard\" style=\"line-height: 150%;\"><b><span style=\"font-size: 12.0pt; line-height: 150%; font-family: 'Arial Narrow',sans-serif;\">CRONOGRAMA DE MATR\u00cdCULA<\/span><\/b><\/p>\n<p class=\"Standard\" style=\"line-height: 150%; text-align: left;\"><b><span style=\"font-size: 12.0pt; line-height: 150%; font-family: 'Arial Narrow',sans-serif;\">Alunos Regulares (alunos\/as que ingressaram em semestres anteriores)<\/span><\/b><\/p>\n<p class=\"Standard\" style=\"line-height: 150%; text-align: left;\"><span style=\"font-size: 12.0pt; line-height: 150%; font-family: 'Arial Narrow',sans-serif;\">2 e 3 de mar\u00e7o \u2013 solicita\u00e7\u00e3o de matr\u00edcula<\/span><\/p>\n<p class=\"Standard\" style=\"line-height: 150%; text-align: left;\"><span style=\"font-size: 12.0pt; line-height: 150%; font-family: 'Arial Narrow',sans-serif;\">4 de mar\u00e7o \u2013 homologa\u00e7\u00e3o da matr\u00edcula pelos orientadores<\/span><\/p>\n<p class=\"Standard\" style=\"line-height: 150%; text-align: left;\"><span style=\"font-size: 12.0pt; line-height: 150%; font-family: 'Arial Narrow',sans-serif;\">5 e 6 de mar\u00e7o \u2013 homologa\u00e7\u00e3o de matr\u00edcula pela coordenadora<\/span><\/p>\n<p class=\"Standard\" style=\"line-height: 150%; text-align: left;\"><span style=\"font-size: 12.0pt; line-height: 150%; font-family: 'Arial Narrow',sans-serif;\">A solicita\u00e7\u00e3o de matr\u00edcula deve ser realizada no Cobalto<\/span><\/p>\n<p class=\"Standard\" style=\"line-height: 150%; text-align: left;\"><b><span style=\"font-size: 12.0pt; line-height: 150%; font-family: 'Arial Narrow',sans-serif;\">Estudantes Ingressantes no Doutorado em 2026\/1<\/span><\/b><\/p>\n<p class=\"Standard\" style=\"line-height: 150%; text-align: left;\"><span style=\"font-size: 12.0pt; line-height: 150%; font-family: 'Arial Narrow',sans-serif;\">19 e 20 de mar\u00e7o &#8211; envio do \u201cformul\u00e1rio matr\u00edcula estudante ingressante e especial\u201d obtido em <\/span><a href=\"https:\/\/wp.ufpel.edu.br\/ppgcienciapolitica\/documentos\/formularios\/\"><span style=\"font-size: 12.0pt; line-height: 150%; font-family: 'Arial Narrow',sans-serif; color: windowtext; text-decoration: none; text-underline: none;\">https:\/\/wp.ufpel.edu.br\/ppgcienciapolitica\/documentos\/formularios\/<\/span><\/a><span style=\"font-size: 12.0pt; line-height: 150%; font-family: 'Arial Narrow',sans-serif;\"> , para o e-mail <\/span><a href=\"mailto:ppgcpol@gmail.com\"><span style=\"font-size: 12.0pt; line-height: 150%; font-family: 'Arial Narrow',sans-serif; color: windowtext; text-decoration: none; text-underline: none;\">ppgcpol@gmail.com<\/span><\/a><\/p>\n<p class=\"Standard\" style=\"line-height: 150%; text-align: left;\"><b><span style=\"font-size: 12.0pt; line-height: 150%; font-family: 'Arial Narrow',sans-serif;\">Estudante Especial<\/span><\/b><\/p>\n<p class=\"Standard\" style=\"line-height: 150%; text-align: left;\"><span style=\"font-size: 12.0pt; line-height: 150%; font-family: 'Arial Narrow',sans-serif;\">16 e 17 de mar\u00e7o \u2013 inscri\u00e7\u00e3o de estudante especial (conforme edital)<\/span><\/p>\n<p class=\"Standard\" style=\"line-height: 150%; text-align: left;\"><span style=\"font-size: 12.0pt; line-height: 150%; font-family: 'Arial Narrow',sans-serif;\">18 de mar\u00e7o \u2013 publica\u00e7\u00e3o do resultado no site <\/span><a href=\"https:\/\/wp.ufpel.edu.br\/ppgcienciapolitica\/\"><span style=\"font-size: 12.0pt; line-height: 150%; font-family: 'Arial Narrow',sans-serif; color: windowtext; text-decoration: none; text-underline: none;\">https:\/\/wp.ufpel.edu.br\/ppgcienciapolitica\/ <\/span><\/a><\/p>\n<p class=\"Standard\" style=\"line-height: 150%; text-align: left;\"><span style=\"font-size: 12.0pt; line-height: 150%; font-family: 'Arial Narrow',sans-serif;\">19 e 20 de mar\u00e7o \u2013 envio do \u201cformul\u00e1rio matr\u00edcula estudante ingressante e especial\u201d obtido em <\/span><a href=\"https:\/\/wp.ufpel.edu.br\/ppgcienciapolitica\/documentos\/formularios\/\"><span style=\"font-size: 12.0pt; line-height: 150%; font-family: 'Arial Narrow',sans-serif; color: windowtext; text-decoration: none; text-underline: none;\">https:\/\/wp.ufpel.edu.br\/ppgcienciapolitica\/documentos\/formularios\/<\/span><\/a><span style=\"font-size: 12.0pt; line-height: 150%; font-family: 'Arial Narrow',sans-serif;\"> , para o e-mail <\/span><a href=\"mailto:ppgcpol@gmail.com\"><span style=\"font-size: 12.0pt; line-height: 150%; font-family: 'Arial Narrow',sans-serif; color: windowtext; text-decoration: none; text-underline: none;\">ppgcpol@gmail.com<\/span><\/a><\/p>\n<p class=\"Standard\" style=\"line-height: 150%; text-align: left;\"><b><span style=\"font-size: 12.0pt; line-height: 150%; font-family: 'Arial Narrow',sans-serif;\">Estudante Externo (alunos\/as de outros PPGs):<\/span><\/b><\/p>\n<p class=\"Standard\" style=\"line-height: 150%; text-align: left;\"><span style=\"font-size: 12.0pt; line-height: 150%; font-family: 'Arial Narrow',sans-serif;\">16 e 17 de mar\u00e7o \u2013 envio do \u201cformul\u00e1rio solicita\u00e7\u00e3o matr\u00edcula estudante externo\u201d encontrado em <\/span><a href=\"https:\/\/wp.ufpel.edu.br\/ppgcienciapolitica\/documentos\/formularios\/\"><span style=\"font-size: 12.0pt; line-height: 150%; font-family: 'Arial Narrow',sans-serif; color: windowtext; text-decoration: none; text-underline: none;\">https:\/\/wp.ufpel.edu.br\/ppgcienciapolitica\/documentos\/formularios\/ <\/span><\/a><span style=\"font-size: 12.0pt; line-height: 150%; font-family: 'Arial Narrow',sans-serif;\">para o e-mail <\/span><a href=\"mailto:ppgcpol@gmail.com\"><span style=\"font-size: 12.0pt; line-height: 150%; font-family: 'Arial Narrow',sans-serif; color: windowtext; text-decoration: none; text-underline: none;\">ppgcpol@gmail.com<\/span><\/a><span style=\"font-size: 12.0pt; line-height: 150%; font-family: 'Arial Narrow',sans-serif;\">,<br \/>\nacompanhado de documento de identidade<\/span><\/p>\n","protected":false},"excerpt":{"rendered":"<p>CRONOGRAMA DE MATR\u00cdCULA Alunos Regulares (alunos\/as que ingressaram em semestres anteriores) 2 e 3 de mar\u00e7o \u2013 solicita\u00e7\u00e3o de matr\u00edcula 4 de mar\u00e7o \u2013 homologa\u00e7\u00e3o da matr\u00edcula pelos orientadores 5 e 6 de mar\u00e7o \u2013 homologa\u00e7\u00e3o de matr\u00edcula pela coordenadora A solicita\u00e7\u00e3o de matr\u00edcula deve ser realizada no Cobalto Estudantes Ingressantes no Doutorado em 2026\/1 [&hellip;]<\/p>\n","protected":false},"author":555,"featured_media":0,"comment_status":"closed","ping_status":"closed","sticky":false,"template":"","format":"standard","meta":{"_jetpack_memberships_contains_paid_content":false,"footnotes":""},"categories":[12],"tags":[],"class_list":["post-5234","post","type-post","status-publish","format-standard","hentry","category-sem-categoria-pt"],"jetpack_featured_media_url":"","jetpack_sharing_enabled":true,"_links":{"self":[{"href":"https:\/\/wp.ufpel.edu.br\/ppgcienciapolitica\/wp-json\/wp\/v2\/posts\/5234","targetHints":{"allow":["GET"]}}],"collection":[{"href":"https:\/\/wp.ufpel.edu.br\/ppgcienciapolitica\/wp-json\/wp\/v2\/posts"}],"about":[{"href":"https:\/\/wp.ufpel.edu.br\/ppgcienciapolitica\/wp-json\/wp\/v2\/types\/post"}],"author":[{"embeddable":true,"href":"https:\/\/wp.ufpel.edu.br\/ppgcienciapolitica\/wp-json\/wp\/v2\/users\/555"}],"replies":[{"embeddable":true,"href":"https:\/\/wp.ufpel.edu.br\/ppgcienciapolitica\/wp-json\/wp\/v2\/comments?post=5234"}],"version-history":[{"count":3,"href":"https:\/\/wp.ufpel.edu.br\/ppgcienciapolitica\/wp-json\/wp\/v2\/posts\/5234\/revisions"}],"predecessor-version":[{"id":5241,"href":"https:\/\/wp.ufpel.edu.br\/ppgcienciapolitica\/wp-json\/wp\/v2\/posts\/5234\/revisions\/5241"}],"wp:attachment":[{"href":"https:\/\/wp.ufpel.edu.br\/ppgcienciapolitica\/wp-json\/wp\/v2\/media?parent=5234"}],"wp:term":[{"taxonomy":"category","embeddable":true,"href":"https:\/\/wp.ufpel.edu.br\/ppgcienciapolitica\/wp-json\/wp\/v2\/categories?post=5234"},{"taxonomy":"post_tag","embeddable":true,"href":"https:\/\/wp.ufpel.edu.br\/ppgcienciapolitica\/wp-json\/wp\/v2\/tags?post=5234"}],"curies":[{"name":"wp","href":"https:\/\/api.w.org\/{rel}","templated":true}]}}