{"id":5180,"date":"2025-11-28T09:05:40","date_gmt":"2025-11-28T12:05:40","guid":{"rendered":"https:\/\/wp.ufpel.edu.br\/ppgcienciapolitica\/?p=5180"},"modified":"2025-11-28T09:05:40","modified_gmt":"2025-11-28T12:05:40","slug":"selecao-interna-ppgcpol-para-pdse-2026","status":"publish","type":"post","link":"https:\/\/wp.ufpel.edu.br\/ppgcienciapolitica\/selecao-interna-ppgcpol-para-pdse-2026\/","title":{"rendered":"Sele\u00e7\u00e3o Interna PPGCPol para PDSE 2026"},"content":{"rendered":"<div>\n<p>O PPGCPol recebe inscri\u00e7\u00f5es para Sele\u00e7\u00e3o Interna com vistas ao Programa Institucional de Doutorado Sandu\u00edche no Exterior \u2013 CAPES.<br \/>\nInscri\u00e7\u00f5es at\u00e9 31\/01\/2026.<\/p>\n<\/div>\n<div>\n<p>Acesse o <a href=\"https:\/\/wp.ufpel.edu.br\/ppgcienciapolitica\/files\/2025\/11\/Edital-2332025-PDSE-2026-PPGCPol.pdf\">Edital 233\/2025 PDSE 2026 PPGCPol<\/a>\u00a0para todas as informa\u00e7\u00f5es.<\/p>\n<\/div>\n","protected":false},"excerpt":{"rendered":"<p>O PPGCPol recebe inscri\u00e7\u00f5es para Sele\u00e7\u00e3o Interna com vistas ao Programa Institucional de Doutorado Sandu\u00edche no Exterior \u2013 CAPES. Inscri\u00e7\u00f5es at\u00e9 31\/01\/2026. Acesse o Edital 233\/2025 PDSE 2026 PPGCPol\u00a0para todas as informa\u00e7\u00f5es.<\/p>\n","protected":false},"author":555,"featured_media":0,"comment_status":"closed","ping_status":"closed","sticky":false,"template":"","format":"standard","meta":{"_jetpack_memberships_contains_paid_content":false,"footnotes":""},"categories":[12],"tags":[],"class_list":["post-5180","post","type-post","status-publish","format-standard","hentry","category-sem-categoria-pt"],"jetpack_featured_media_url":"","jetpack_sharing_enabled":true,"_links":{"self":[{"href":"https:\/\/wp.ufpel.edu.br\/ppgcienciapolitica\/wp-json\/wp\/v2\/posts\/5180","targetHints":{"allow":["GET"]}}],"collection":[{"href":"https:\/\/wp.ufpel.edu.br\/ppgcienciapolitica\/wp-json\/wp\/v2\/posts"}],"about":[{"href":"https:\/\/wp.ufpel.edu.br\/ppgcienciapolitica\/wp-json\/wp\/v2\/types\/post"}],"author":[{"embeddable":true,"href":"https:\/\/wp.ufpel.edu.br\/ppgcienciapolitica\/wp-json\/wp\/v2\/users\/555"}],"replies":[{"embeddable":true,"href":"https:\/\/wp.ufpel.edu.br\/ppgcienciapolitica\/wp-json\/wp\/v2\/comments?post=5180"}],"version-history":[{"count":2,"href":"https:\/\/wp.ufpel.edu.br\/ppgcienciapolitica\/wp-json\/wp\/v2\/posts\/5180\/revisions"}],"predecessor-version":[{"id":5183,"href":"https:\/\/wp.ufpel.edu.br\/ppgcienciapolitica\/wp-json\/wp\/v2\/posts\/5180\/revisions\/5183"}],"wp:attachment":[{"href":"https:\/\/wp.ufpel.edu.br\/ppgcienciapolitica\/wp-json\/wp\/v2\/media?parent=5180"}],"wp:term":[{"taxonomy":"category","embeddable":true,"href":"https:\/\/wp.ufpel.edu.br\/ppgcienciapolitica\/wp-json\/wp\/v2\/categories?post=5180"},{"taxonomy":"post_tag","embeddable":true,"href":"https:\/\/wp.ufpel.edu.br\/ppgcienciapolitica\/wp-json\/wp\/v2\/tags?post=5180"}],"curies":[{"name":"wp","href":"https:\/\/api.w.org\/{rel}","templated":true}]}}