{"id":5171,"date":"2025-11-13T08:24:38","date_gmt":"2025-11-13T11:24:38","guid":{"rendered":"https:\/\/wp.ufpel.edu.br\/ppgcienciapolitica\/?p=5171"},"modified":"2025-11-13T08:34:26","modified_gmt":"2025-11-13T11:34:26","slug":"o-ppgcpol-convida-para-conferencia-online","status":"publish","type":"post","link":"https:\/\/wp.ufpel.edu.br\/ppgcienciapolitica\/o-ppgcpol-convida-para-conferencia-online\/","title":{"rendered":"O PPGCPol convida para Confer\u00eancia online"},"content":{"rendered":"<p style=\"font-weight: 400;\">O Programa de P\u00f3s-Gradua\u00e7\u00e3o em Ci\u00eancia Pol\u00edtica da UFPel convida para a Confer\u00eancia \u201cViol\u00eancia Digital contra as Mulheres no Brasil: Desafios e Perspectivas\u201d.<\/p>\n<p style=\"font-weight: 400;\">O encontro discutir\u00e1 os impactos da viol\u00eancia digital de g\u00eanero e os desafios para o seu enfrentamento no contexto brasileiro.<\/p>\n<p style=\"font-weight: 400;\">Data: 19 de novembro de 2025, \u00e0s 15h<br \/>\nTransmiss\u00e3o: Canal do YouTube \u2013 @CivitasMulheres<\/p>\n<p><a href=\"https:\/\/wp.ufpel.edu.br\/ppgcienciapolitica\/files\/2025\/11\/Poster.png\"><br \/>\n<img class=\"wp-image-5172 aligncenter\" src=\"https:\/\/wp.ufpel.edu.br\/ppgcienciapolitica\/files\/2025\/11\/Poster-286x400.png\" alt=\"\" width=\"449\" height=\"628\" srcset=\"https:\/\/wp.ufpel.edu.br\/ppgcienciapolitica\/files\/2025\/11\/Poster-286x400.png 286w, https:\/\/wp.ufpel.edu.br\/ppgcienciapolitica\/files\/2025\/11\/Poster-732x1024.png 732w, https:\/\/wp.ufpel.edu.br\/ppgcienciapolitica\/files\/2025\/11\/Poster-768x1075.png 768w, https:\/\/wp.ufpel.edu.br\/ppgcienciapolitica\/files\/2025\/11\/Poster-1097x1536.png 1097w, https:\/\/wp.ufpel.edu.br\/ppgcienciapolitica\/files\/2025\/11\/Poster.png 1429w\" sizes=\"(max-width: 449px) 100vw, 449px\" \/><\/a><\/p>\n","protected":false},"excerpt":{"rendered":"<p>O Programa de P\u00f3s-Gradua\u00e7\u00e3o em Ci\u00eancia Pol\u00edtica da UFPel convida para a Confer\u00eancia \u201cViol\u00eancia Digital contra as Mulheres no Brasil: Desafios e Perspectivas\u201d. O encontro discutir\u00e1 os impactos da viol\u00eancia digital de g\u00eanero e os desafios para o seu enfrentamento no contexto brasileiro. Data: 19 de novembro de 2025, \u00e0s 15h Transmiss\u00e3o: Canal do YouTube [&hellip;]<\/p>\n","protected":false},"author":555,"featured_media":0,"comment_status":"closed","ping_status":"closed","sticky":false,"template":"","format":"standard","meta":{"_jetpack_memberships_contains_paid_content":false,"footnotes":""},"categories":[12],"tags":[],"class_list":["post-5171","post","type-post","status-publish","format-standard","hentry","category-sem-categoria-pt"],"jetpack_featured_media_url":"","jetpack_sharing_enabled":true,"_links":{"self":[{"href":"https:\/\/wp.ufpel.edu.br\/ppgcienciapolitica\/wp-json\/wp\/v2\/posts\/5171","targetHints":{"allow":["GET"]}}],"collection":[{"href":"https:\/\/wp.ufpel.edu.br\/ppgcienciapolitica\/wp-json\/wp\/v2\/posts"}],"about":[{"href":"https:\/\/wp.ufpel.edu.br\/ppgcienciapolitica\/wp-json\/wp\/v2\/types\/post"}],"author":[{"embeddable":true,"href":"https:\/\/wp.ufpel.edu.br\/ppgcienciapolitica\/wp-json\/wp\/v2\/users\/555"}],"replies":[{"embeddable":true,"href":"https:\/\/wp.ufpel.edu.br\/ppgcienciapolitica\/wp-json\/wp\/v2\/comments?post=5171"}],"version-history":[{"count":3,"href":"https:\/\/wp.ufpel.edu.br\/ppgcienciapolitica\/wp-json\/wp\/v2\/posts\/5171\/revisions"}],"predecessor-version":[{"id":5175,"href":"https:\/\/wp.ufpel.edu.br\/ppgcienciapolitica\/wp-json\/wp\/v2\/posts\/5171\/revisions\/5175"}],"wp:attachment":[{"href":"https:\/\/wp.ufpel.edu.br\/ppgcienciapolitica\/wp-json\/wp\/v2\/media?parent=5171"}],"wp:term":[{"taxonomy":"category","embeddable":true,"href":"https:\/\/wp.ufpel.edu.br\/ppgcienciapolitica\/wp-json\/wp\/v2\/categories?post=5171"},{"taxonomy":"post_tag","embeddable":true,"href":"https:\/\/wp.ufpel.edu.br\/ppgcienciapolitica\/wp-json\/wp\/v2\/tags?post=5171"}],"curies":[{"name":"wp","href":"https:\/\/api.w.org\/{rel}","templated":true}]}}