{"id":5142,"date":"2025-10-15T09:03:40","date_gmt":"2025-10-15T12:03:40","guid":{"rendered":"https:\/\/wp.ufpel.edu.br\/ppgcienciapolitica\/?p=5142"},"modified":"2025-10-15T09:29:51","modified_gmt":"2025-10-15T12:29:51","slug":"15-anos-de-excelencia-e-transformacao-ppgcpol-ufpel","status":"publish","type":"post","link":"https:\/\/wp.ufpel.edu.br\/ppgcienciapolitica\/15-anos-de-excelencia-e-transformacao-ppgcpol-ufpel\/","title":{"rendered":"15 Anos de Excel\u00eancia e Transforma\u00e7\u00e3o \u2013 PPGCPol\/UFPel"},"content":{"rendered":"<div>\n<p class=\"Padro\"><a href=\"https:\/\/wp.ufpel.edu.br\/ppgcienciapolitica\/files\/2025\/10\/LogoPPGCPOL-2.png\"><img class=\"wp-image-5143 alignleft\" src=\"https:\/\/wp.ufpel.edu.br\/ppgcienciapolitica\/files\/2025\/10\/LogoPPGCPOL-2-400x400.png\" alt=\"\" width=\"214\" height=\"214\" srcset=\"https:\/\/wp.ufpel.edu.br\/ppgcienciapolitica\/files\/2025\/10\/LogoPPGCPOL-2-400x400.png 400w, https:\/\/wp.ufpel.edu.br\/ppgcienciapolitica\/files\/2025\/10\/LogoPPGCPOL-2-200x200.png 200w, https:\/\/wp.ufpel.edu.br\/ppgcienciapolitica\/files\/2025\/10\/LogoPPGCPOL-2.png 500w\" sizes=\"(max-width: 214px) 100vw, 214px\" \/><\/a><span style=\"font-family: var(--fonte-corpo);\">Em 2025, o Programa de P\u00f3s-Gradua\u00e7\u00e3o em Ci\u00eancia Pol\u00edtica (PPGCPol) da Universidade Federal de Pelotas (UFPel) celebra quinze anos de trajet\u00f3ria acad\u00eamica. Ao longo de uma d\u00e9cada e meia, o PPGCPol consolidou-se como um espa\u00e7o de forma\u00e7\u00e3o de excel\u00eancia, produ\u00e7\u00e3o intelectual cr\u00edtica e di\u00e1logo com a sociedade, honrando seu compromisso com a investiga\u00e7\u00e3o plural e com o fortalecimento da Ci\u00eancia Pol\u00edtica no sul do Brasil.<\/span><\/p>\n<\/div>\n<div>\n<p class=\"Padro\">Desde sua cria\u00e7\u00e3o, o Programa superou desafios, ampliou sua qualidade e diversidade tem\u00e1tica, e formou 115 mestres\/as e 25 doutores\/as (dados de outubro de 2025), que hoje atuam em institui\u00e7\u00f5es acad\u00eamicas, \u00f3rg\u00e3os p\u00fablicos, organiza\u00e7\u00f5es privadas e entidades do terceiro setor.<\/p>\n<\/div>\n<div>\n<p class=\"Padro\">Reiteradamente bem avaliado pela CAPES, alcan\u00e7ou a nota 5 na \u00faltima avalia\u00e7\u00e3o (2017-2020). Esse reconhecimento evidencia avan\u00e7os em produ\u00e7\u00e3o cient\u00edfica, internacionaliza\u00e7\u00e3o, orienta\u00e7\u00e3o e impacto social. \u00c9 um dos poucos Programas de P\u00f3s-Gradua\u00e7\u00e3o em Ci\u00eancia Pol\u00edtica com mestrado e doutorado acad\u00eamicos sediados no interior do pa\u00eds.<\/p>\n<\/div>\n<div>\n<p class=\"Padro\">Essa trajet\u00f3ria foi poss\u00edvel gra\u00e7as ao empenho dos corpos docente, discente e t\u00e9cnico-administrativo, bem como ao apoio institucional da UFPel, do Instituto de Filosofia, Sociologia e Pol\u00edtica (IFISP) e das ag\u00eancias de fomento. Agradecemos tamb\u00e9m \u00e0 comunidade acad\u00eamica, aos\/\u00e0s egressos\/as, \u00e0s institui\u00e7\u00f5es parceiras e aos agentes sociais por contribu\u00edrem com cr\u00edticas, debates e colabora\u00e7\u00f5es que enriqueceram nossa caminhada.<\/p>\n<\/div>\n<div>\n<p class=\"Padro\">No presente momento, o PPGCPol reafirma seu compromisso com a qualidade, a reflex\u00e3o cr\u00edtica e a responsabilidade social. Entre seus desafios futuros est\u00e3o o fortalecimento das articula\u00e7\u00f5es interinstitucionais, a amplia\u00e7\u00e3o da internacionaliza\u00e7\u00e3o, o aprofundamento da interdisciplinaridade e o aumento do impacto social da pesquisa \u2013 metas que orientam seu planejamento estrat\u00e9gico.<\/p>\n<\/div>\n<div>\n<p class=\"Padro\">Nesta celebra\u00e7\u00e3o de 15 anos, marcada tamb\u00e9m pelo lan\u00e7amento do selo comemorativo \u2013 criado com o apoio de nossas discentes, e que passar\u00e1 a identificar as comunica\u00e7\u00f5es oficiais do Programa\u2013, convidamos toda a comunidade acad\u00eamica e seus parceiros a refletirem, homenagearem e celebrarem nossa hist\u00f3ria, renovando a confian\u00e7a no futuro que continuamos a construir.<\/p>\n<\/div>\n<div>\n<p class=\"Padro\">Parab\u00e9ns ao PPGCPol por sua trajet\u00f3ria \u2013 e que venham muitos mais anos de rigor acad\u00eamico, engajamento e transforma\u00e7\u00e3o!<\/p>\n<\/div>\n<div>\n<p>&nbsp;<\/p>\n<p class=\"Padro\">Prof. Dr. William Daldegan<br \/>\n<span style=\"font-family: var(--fonte-corpo);\">Coordenador &#8211; PPGCPol<\/span><\/p>\n<\/div>\n","protected":false},"excerpt":{"rendered":"<p>Em 2025, o Programa de P\u00f3s-Gradua\u00e7\u00e3o em Ci\u00eancia Pol\u00edtica (PPGCPol) da Universidade Federal de Pelotas (UFPel) celebra quinze anos de trajet\u00f3ria acad\u00eamica. Ao longo de uma d\u00e9cada e meia, o PPGCPol consolidou-se como um espa\u00e7o de forma\u00e7\u00e3o de excel\u00eancia, produ\u00e7\u00e3o intelectual cr\u00edtica e di\u00e1logo com a sociedade, honrando seu compromisso com a investiga\u00e7\u00e3o plural e [&hellip;]<\/p>\n","protected":false},"author":555,"featured_media":0,"comment_status":"closed","ping_status":"closed","sticky":false,"template":"","format":"standard","meta":{"_jetpack_memberships_contains_paid_content":false,"footnotes":""},"categories":[12],"tags":[],"class_list":["post-5142","post","type-post","status-publish","format-standard","hentry","category-sem-categoria-pt"],"jetpack_featured_media_url":"","jetpack_sharing_enabled":true,"_links":{"self":[{"href":"https:\/\/wp.ufpel.edu.br\/ppgcienciapolitica\/wp-json\/wp\/v2\/posts\/5142","targetHints":{"allow":["GET"]}}],"collection":[{"href":"https:\/\/wp.ufpel.edu.br\/ppgcienciapolitica\/wp-json\/wp\/v2\/posts"}],"about":[{"href":"https:\/\/wp.ufpel.edu.br\/ppgcienciapolitica\/wp-json\/wp\/v2\/types\/post"}],"author":[{"embeddable":true,"href":"https:\/\/wp.ufpel.edu.br\/ppgcienciapolitica\/wp-json\/wp\/v2\/users\/555"}],"replies":[{"embeddable":true,"href":"https:\/\/wp.ufpel.edu.br\/ppgcienciapolitica\/wp-json\/wp\/v2\/comments?post=5142"}],"version-history":[{"count":3,"href":"https:\/\/wp.ufpel.edu.br\/ppgcienciapolitica\/wp-json\/wp\/v2\/posts\/5142\/revisions"}],"predecessor-version":[{"id":5150,"href":"https:\/\/wp.ufpel.edu.br\/ppgcienciapolitica\/wp-json\/wp\/v2\/posts\/5142\/revisions\/5150"}],"wp:attachment":[{"href":"https:\/\/wp.ufpel.edu.br\/ppgcienciapolitica\/wp-json\/wp\/v2\/media?parent=5142"}],"wp:term":[{"taxonomy":"category","embeddable":true,"href":"https:\/\/wp.ufpel.edu.br\/ppgcienciapolitica\/wp-json\/wp\/v2\/categories?post=5142"},{"taxonomy":"post_tag","embeddable":true,"href":"https:\/\/wp.ufpel.edu.br\/ppgcienciapolitica\/wp-json\/wp\/v2\/tags?post=5142"}],"curies":[{"name":"wp","href":"https:\/\/api.w.org\/{rel}","templated":true}]}}