{"id":5048,"date":"2025-08-20T22:09:57","date_gmt":"2025-08-21T01:09:57","guid":{"rendered":"https:\/\/wp.ufpel.edu.br\/ppgcienciapolitica\/?p=5048"},"modified":"2025-08-26T21:12:49","modified_gmt":"2025-08-27T00:12:49","slug":"informacoes-a-ingressantes","status":"publish","type":"post","link":"https:\/\/wp.ufpel.edu.br\/ppgcienciapolitica\/informacoes-a-ingressantes\/","title":{"rendered":"Informa\u00e7\u00f5es a ingressantes"},"content":{"rendered":"<div><span style=\"font-family: arial, sans-serif;\"><b>Instru\u00e7\u00f5es para Matr\u00edcula de Estudantes Ingressantes (INFORMA\u00c7\u00d5ES ATUALIZADAS EM 26\/08\/25)<\/b><b><\/b><\/span><\/div>\n<div><span style=\"font-family: arial, sans-serif;\">\u00a0<\/span><\/div>\n<div style=\"text-align: justify;\"><span style=\"font-family: arial, sans-serif;\"><span style=\"font-family: arial, sans-serif;\"><span style=\"color: #000000;\">Para matr\u00edcula no Programa de P\u00f3s-Gradua\u00e7\u00e3o em\u00a0<\/span>Ci\u00eancia Pol\u00edtica<span style=\"color: #000000;\">\u00a0<\/span><span style=\"color: #000000;\">(<\/span>PPGCPol &#8211; UFPel<span style=\"color: #000000;\">), estudantes ingressantes nos cursos de mestrado e doutorado dever\u00e3o\u00a0<\/span><\/span><\/span><span style=\"text-decoration: line-through;\">comparecer\u00a0<\/span><strong><span style=\"text-decoration: line-through;\">PRESENCIALMENTE<\/span><\/strong><span style=\"font-family: arial, sans-serif;\"><span style=\"font-family: arial, sans-serif;\"><span style=\"color: #000000;\"><strong> enviar por e-mail<\/strong> nos dias e hor\u00e1rios indicados no Cronograma abaixo<\/span>,\u00a0<\/span><\/span><span style=\"text-decoration: line-through;\">portando<\/span><span style=\"font-family: arial, sans-serif;\"><span style=\"font-family: arial, sans-serif;\"><span style=\"color: #000000;\"> os seguintes documentos\u00a0<\/span><\/span><\/span><span style=\"text-decoration: line-through;\">originais ou autenticados em cart\u00f3rio<\/span><span style=\"font-family: arial, sans-serif;\"><span style=\"color: #000000;\">:\u00a0<\/span><\/span><\/div>\n<div><span style=\"font-family: arial, sans-serif;\">\u00a0<\/span><\/div>\n<div><span style=\"font-family: arial, sans-serif;\"><span style=\"color: #000000;\">1.\u00a0Formul\u00e1rio Matr\u00edcula Estudante Ingressante e Especial devidamente preenchido e assinado, dispon\u00edvel em\u00a0<\/span><\/span><a href=\"https:\/\/wp.ufpel.edu.br\/ppgcienciapolitica\/documentos\/formularios\/\" target=\"_blank\" rel=\"noopener\" data-saferedirecturl=\"https:\/\/www.google.com\/url?q=https:\/\/wp.ufpel.edu.br\/ppgcienciapolitica\/documentos\/formularios\/&amp;source=gmail&amp;ust=1755813171581000&amp;usg=AOvVaw2PLCIAeLA4yy9xQa0EdlDw\">https:\/\/wp.ufpel.edu.br\/<wbr \/>ppgcienciapolitica\/documentos\/<wbr \/>formularios\/<\/a><\/div>\n<div>2. Diploma de Gradua\u00e7\u00e3o (para curso de Mestrado) e de Gradua\u00e7\u00e3o e de Mestrado (para curso de Doutorado) &#8211;<span style=\"font-family: arial, sans-serif;\"><span style=\"color: #000000;\">\u00a0<\/span><span style=\"color: #000000;\">n\u00e3o ser\u00e3o aceitos atestados de conclus\u00e3o<\/span>, atas de defesa\u00a0<span style=\"color: #000000;\">ou\u00a0<\/span>declara\u00e7\u00f5es<span style=\"color: #000000;\">\u00a0de prov\u00e1vel formando<\/span><span style=\"color: #000000;\">;<\/span>\u00a0<\/span><\/div>\n<div><span style=\"font-family: arial, sans-serif;\">3. RG;<\/span><\/div>\n<div><span style=\"font-family: arial, sans-serif;\">4. CPF;<\/span><\/div>\n<div><span style=\"font-family: arial, sans-serif;\">5. Certid\u00e3o de Casamento, em caso de mudan\u00e7a de nome;<\/span><\/div>\n<div><span style=\"font-family: arial, sans-serif;\"><span style=\"color: #000000;\">6. Passaporte, em caso de estudante estrangeiro<\/span>\/a<span style=\"color: #000000;\">.<\/span><\/span><\/div>\n<div><\/div>\n<div style=\"text-align: center;\"><span style=\"font-family: Arial;\">Mestrado: 01 e 02\/09 (presencial, das 13h30 \u00e0s 17h30)<\/span><\/div>\n<div style=\"text-align: center;\"><span style=\"font-family: Arial;\">Doutorado: 03 e 04\/09 (presencial, das 13h30 \u00e0s 17h30)<\/span><\/div>\n<div><\/div>\n<div style=\"text-align: justify;\"><span style=\"font-family: arial, sans-serif;\">\u00c9 imprescind\u00edvel o comparecimento de todos<\/span>\/as\u00a0os\/as<span style=\"color: #000000;\">\u00a0<\/span>ingressantes<span style=\"color: #000000;\">\u00a0<wbr \/>nos dias e hor\u00e1rios indicados para a realiza\u00e7\u00e3o da matr\u00edcula e reserva da vaga.\u00a0<\/span>Ingressantes<span style=\"color: #000000;\">\u00a0que n\u00e3o apresentarem o diploma no ato da matr\u00edcula presencial ter\u00e3o o prazo para entrega do diploma excepcionalmente prorrogado at\u00e9 a data limite de 26\/09\/2025. Ap\u00f3s essa data, o<\/span>\/a\u00a0estudante\u00a0ingressante\u00a0que n\u00e3o apresentar o diploma perder\u00e1 o direito \u00e0 vaga e ficar\u00e1 impossibilitado de frequentar as aulas no PPGCPol. N\u00e3o haver\u00e1 matr\u00edcula no formato remoto.<\/div>\n<div style=\"text-align: justify;\"><span style=\"font-family: arial, sans-serif;\">\u00a0<\/span><\/div>\n<div style=\"text-align: justify;\"><span style=\"font-family: arial, sans-serif;\">A exig\u00eancia do diploma para a efetiva matr\u00edcula est\u00e1 indicada nos editais n\u00ba 071\/2025 e 072\/2025, no item 1.1, em conson\u00e2ncia com o\u00a0Regimento Geral dos Programas de P\u00f3s-Gradua\u00e7\u00e3o\u00a0<i>Stricto Sensu<\/i>\u00a0da Universidade Federal de Pelotas.<\/span><\/div>\n<div style=\"text-align: justify;\"><span style=\"font-family: arial, sans-serif;\">\u00a0<\/span><\/div>\n<div style=\"text-align: justify;\"><span style=\"font-family: arial, sans-serif;\">A distribui\u00e7\u00e3o de bolsas ser\u00e1 realizada de acordo com a disponibilidade, a manifesta\u00e7\u00e3o de interesse no formul\u00e1rio de inscri\u00e7\u00e3o no processo seletivo e os crit\u00e9rios de concess\u00e3o e manuten\u00e7\u00e3o de bolsas do PPGCPol, dispon\u00edveis em:\u00a0<a href=\"https:\/\/wp.ufpel.edu.br\/ppgcienciapolitica\/documentos\/criterios-de-concessao-e-manutencao-de-bolsas\/\" target=\"_blank\" rel=\"noopener\" data-saferedirecturl=\"https:\/\/www.google.com\/url?q=https:\/\/wp.ufpel.edu.br\/ppgcienciapolitica\/documentos\/criterios-de-concessao-e-manutencao-de-bolsas\/&amp;source=gmail&amp;ust=1755813171581000&amp;usg=AOvVaw3iXMJBNgaF22Y5vmHLfbCx\">https:\/\/wp.ufpel.edu.br\/<wbr \/>ppgcienciapolitica\/documentos\/<wbr \/>criterios-de-concessao-e-<wbr \/>manutencao-de-bolsas\/<\/a>. Est\u00e1 prevista uma reuni\u00e3o de boas-vindas com todos<\/span>\/as\u00a0os\/as\u00a0estudantes\/as\u00a0<wbr \/>ingressantes para o dia 09\/09, a confirmar, na qual ser\u00e3o divulgados os\/as\u00a0contemplados\/as\u00a0com cotas de bolsas.<\/div>\n<div style=\"text-align: justify;\"><span style=\"font-family: arial, sans-serif;\">\u00a0<\/span><\/div>\n<div style=\"text-align: justify;\"><span style=\"font-family: arial, sans-serif;\">D\u00favidas podem ser encaminhadas para o e-mail\u00a0<a href=\"mailto:ppgcpol@gmail.com\" target=\"_blank\" rel=\"noopener\">ppgcpol@gmail.com<\/a>.<\/span><\/div>\n","protected":false},"excerpt":{"rendered":"<p>Instru\u00e7\u00f5es para Matr\u00edcula de Estudantes Ingressantes (INFORMA\u00c7\u00d5ES ATUALIZADAS EM 26\/08\/25) \u00a0 Para matr\u00edcula no Programa de P\u00f3s-Gradua\u00e7\u00e3o em\u00a0Ci\u00eancia Pol\u00edtica\u00a0(PPGCPol &#8211; UFPel), estudantes ingressantes nos cursos de mestrado e doutorado dever\u00e3o\u00a0comparecer\u00a0PRESENCIALMENTE enviar por e-mail nos dias e hor\u00e1rios indicados no Cronograma abaixo,\u00a0portando os seguintes documentos\u00a0originais ou autenticados em cart\u00f3rio:\u00a0 \u00a0 1.\u00a0Formul\u00e1rio Matr\u00edcula Estudante Ingressante e Especial [&hellip;]<\/p>\n","protected":false},"author":555,"featured_media":0,"comment_status":"closed","ping_status":"closed","sticky":false,"template":"","format":"standard","meta":{"_jetpack_memberships_contains_paid_content":false,"footnotes":""},"categories":[12],"tags":[],"class_list":["post-5048","post","type-post","status-publish","format-standard","hentry","category-sem-categoria-pt"],"jetpack_featured_media_url":"","jetpack_sharing_enabled":true,"_links":{"self":[{"href":"https:\/\/wp.ufpel.edu.br\/ppgcienciapolitica\/wp-json\/wp\/v2\/posts\/5048","targetHints":{"allow":["GET"]}}],"collection":[{"href":"https:\/\/wp.ufpel.edu.br\/ppgcienciapolitica\/wp-json\/wp\/v2\/posts"}],"about":[{"href":"https:\/\/wp.ufpel.edu.br\/ppgcienciapolitica\/wp-json\/wp\/v2\/types\/post"}],"author":[{"embeddable":true,"href":"https:\/\/wp.ufpel.edu.br\/ppgcienciapolitica\/wp-json\/wp\/v2\/users\/555"}],"replies":[{"embeddable":true,"href":"https:\/\/wp.ufpel.edu.br\/ppgcienciapolitica\/wp-json\/wp\/v2\/comments?post=5048"}],"version-history":[{"count":2,"href":"https:\/\/wp.ufpel.edu.br\/ppgcienciapolitica\/wp-json\/wp\/v2\/posts\/5048\/revisions"}],"predecessor-version":[{"id":5060,"href":"https:\/\/wp.ufpel.edu.br\/ppgcienciapolitica\/wp-json\/wp\/v2\/posts\/5048\/revisions\/5060"}],"wp:attachment":[{"href":"https:\/\/wp.ufpel.edu.br\/ppgcienciapolitica\/wp-json\/wp\/v2\/media?parent=5048"}],"wp:term":[{"taxonomy":"category","embeddable":true,"href":"https:\/\/wp.ufpel.edu.br\/ppgcienciapolitica\/wp-json\/wp\/v2\/categories?post=5048"},{"taxonomy":"post_tag","embeddable":true,"href":"https:\/\/wp.ufpel.edu.br\/ppgcienciapolitica\/wp-json\/wp\/v2\/tags?post=5048"}],"curies":[{"name":"wp","href":"https:\/\/api.w.org\/{rel}","templated":true}]}}