{"id":4939,"date":"2025-06-30T19:32:11","date_gmt":"2025-06-30T22:32:11","guid":{"rendered":"https:\/\/wp.ufpel.edu.br\/ppgcienciapolitica\/?p=4939"},"modified":"2025-06-30T19:32:11","modified_gmt":"2025-06-30T22:32:11","slug":"e-book-politicas-de-memoria-democracia-e-sociedade","status":"publish","type":"post","link":"https:\/\/wp.ufpel.edu.br\/ppgcienciapolitica\/e-book-politicas-de-memoria-democracia-e-sociedade\/","title":{"rendered":"E-Book &#8220;Pol\u00edticas de mem\u00f3ria, democracia e sociedade&#8221;"},"content":{"rendered":"<p><a href=\"https:\/\/wp.ufpel.edu.br\/ppgcienciapolitica\/files\/2025\/06\/WhatsApp-Image-2025-06-30-at-15.21.58.jpeg\"><img class=\"size-medium wp-image-4940 alignright\" src=\"https:\/\/wp.ufpel.edu.br\/ppgcienciapolitica\/files\/2025\/06\/WhatsApp-Image-2025-06-30-at-15.21.58-400x367.jpeg\" alt=\"\" width=\"400\" height=\"367\" srcset=\"https:\/\/wp.ufpel.edu.br\/ppgcienciapolitica\/files\/2025\/06\/WhatsApp-Image-2025-06-30-at-15.21.58-400x367.jpeg 400w, https:\/\/wp.ufpel.edu.br\/ppgcienciapolitica\/files\/2025\/06\/WhatsApp-Image-2025-06-30-at-15.21.58-1024x939.jpeg 1024w, https:\/\/wp.ufpel.edu.br\/ppgcienciapolitica\/files\/2025\/06\/WhatsApp-Image-2025-06-30-at-15.21.58-768x704.jpeg 768w, https:\/\/wp.ufpel.edu.br\/ppgcienciapolitica\/files\/2025\/06\/WhatsApp-Image-2025-06-30-at-15.21.58.jpeg 1280w\" sizes=\"(max-width: 400px) 100vw, 400px\" \/><\/a>Compartilhamos a publica\u00e7\u00e3o do e-book\u00a0\u2018Pol\u00edticas de mem\u00f3ria, democracia e sociedade: novas contribui\u00e7\u00f5es, perspectivas e experi\u00eancias\u2019\u00a0(Pelotas: N\u00facleo de Pesquisa sobre Pol\u00edticas de Mem\u00f3ria, 2025. 470p.).<\/p>\n<p>Organizado por Carlos Artur Gallo, Bruno Gazalle Cavichioli, Laura Feij\u00f3 de Souza, Ma\u00edra Pereira da Costa e Rafael Alexandre Silveira, neste livro est\u00e3o publicados os trabalhos apresentados no\u00a02\u00ba Workshop de pesquisas sobre pol\u00edticas de mem\u00f3ria, realizado pelo N\u00facleo de Pesquisa sobre Pol\u00edticas de Mem\u00f3ria da Universidade Federal de Pelotas em agosto de 2024.<\/p>\n<p>Realizado de forma h\u00edbrida, o Workshop contou com sess\u00f5es de apresenta\u00e7\u00e3o de trabalhos virtuais e presenciais, nas quais participaram mais de 60 pesquisadoras\/es do Brasil, da Argentina, da Col\u00f4mbia, de Portugal e da Espanha.<\/p>\n<p>O evento foi realizado com o apoio do Programa de P\u00f3s-Gradua\u00e7\u00e3o em Ci\u00eancia Pol\u00edtica da Universidade Federal de Pelotas (PPGCPOL-UFPEL), do Hist\u00f3ria da Ditadura (HD), do Laborat\u00f3rio de Hist\u00f3ria Pol\u00edtica e Social da Universidade Federal de Juiz de Fora (LAHPS-UFJF) e do N\u00facleo de Estudos sobre o Estado, Institui\u00e7\u00f5es e Pol\u00edticas P\u00fablicas da Universidade Federal Fluminense (NEEIPP-UFF).<\/p>\n<p>Em linhas gerais, as\/os participantes se reuniram para compartilhar resultados parciais de suas pesquisas e discutir os rumos das pol\u00edticas de mem\u00f3ria que v\u00eam sendo implementadas em pa\u00edses que passaram por ditaduras ou vivenciaram conflitos pol\u00edticos respons\u00e1veis por massivas e reiteradas viola\u00e7\u00f5es aos direitos humanos.<\/p>\n<p>O e-book pode ser baixado gratuitamente em:\u00a0<a href=\"https:\/\/wp.ufpel.edu.br\/nuppome\/2025\/06\/30\/publicacao-do-e-book-politicas-de-memoria-democracia-e-sociedade-novas-contribuicoes-perspectivas-e-experiencias-2025\/\">https:\/\/wp.ufpel.edu.br\/nuppome\/2025\/06\/30\/publicacao-do-e-book-politicas-de-memoria-democracia-e-sociedade-novas-contribuicoes-perspectivas-e-experiencias-2025\/<\/a><\/p>\n","protected":false},"excerpt":{"rendered":"<p>Compartilhamos a publica\u00e7\u00e3o do e-book\u00a0\u2018Pol\u00edticas de mem\u00f3ria, democracia e sociedade: novas contribui\u00e7\u00f5es, perspectivas e experi\u00eancias\u2019\u00a0(Pelotas: N\u00facleo de Pesquisa sobre Pol\u00edticas de Mem\u00f3ria, 2025. 470p.). Organizado por Carlos Artur Gallo, Bruno Gazalle Cavichioli, Laura Feij\u00f3 de Souza, Ma\u00edra Pereira da Costa e Rafael Alexandre Silveira, neste livro est\u00e3o publicados os trabalhos apresentados no\u00a02\u00ba Workshop de pesquisas [&hellip;]<\/p>\n","protected":false},"author":555,"featured_media":0,"comment_status":"closed","ping_status":"closed","sticky":false,"template":"","format":"standard","meta":{"_jetpack_memberships_contains_paid_content":false,"footnotes":""},"categories":[12],"tags":[],"class_list":["post-4939","post","type-post","status-publish","format-standard","hentry","category-sem-categoria-pt"],"jetpack_featured_media_url":"","jetpack_sharing_enabled":true,"_links":{"self":[{"href":"https:\/\/wp.ufpel.edu.br\/ppgcienciapolitica\/wp-json\/wp\/v2\/posts\/4939","targetHints":{"allow":["GET"]}}],"collection":[{"href":"https:\/\/wp.ufpel.edu.br\/ppgcienciapolitica\/wp-json\/wp\/v2\/posts"}],"about":[{"href":"https:\/\/wp.ufpel.edu.br\/ppgcienciapolitica\/wp-json\/wp\/v2\/types\/post"}],"author":[{"embeddable":true,"href":"https:\/\/wp.ufpel.edu.br\/ppgcienciapolitica\/wp-json\/wp\/v2\/users\/555"}],"replies":[{"embeddable":true,"href":"https:\/\/wp.ufpel.edu.br\/ppgcienciapolitica\/wp-json\/wp\/v2\/comments?post=4939"}],"version-history":[{"count":1,"href":"https:\/\/wp.ufpel.edu.br\/ppgcienciapolitica\/wp-json\/wp\/v2\/posts\/4939\/revisions"}],"predecessor-version":[{"id":4941,"href":"https:\/\/wp.ufpel.edu.br\/ppgcienciapolitica\/wp-json\/wp\/v2\/posts\/4939\/revisions\/4941"}],"wp:attachment":[{"href":"https:\/\/wp.ufpel.edu.br\/ppgcienciapolitica\/wp-json\/wp\/v2\/media?parent=4939"}],"wp:term":[{"taxonomy":"category","embeddable":true,"href":"https:\/\/wp.ufpel.edu.br\/ppgcienciapolitica\/wp-json\/wp\/v2\/categories?post=4939"},{"taxonomy":"post_tag","embeddable":true,"href":"https:\/\/wp.ufpel.edu.br\/ppgcienciapolitica\/wp-json\/wp\/v2\/tags?post=4939"}],"curies":[{"name":"wp","href":"https:\/\/api.w.org\/{rel}","templated":true}]}}