{"id":4779,"date":"2024-12-19T16:41:34","date_gmt":"2024-12-19T19:41:34","guid":{"rendered":"https:\/\/wp.ufpel.edu.br\/ppgcienciapolitica\/?p=4779"},"modified":"2025-02-26T09:44:03","modified_gmt":"2025-02-26T12:44:03","slug":"edital-professor-a-visitante","status":"publish","type":"post","link":"https:\/\/wp.ufpel.edu.br\/ppgcienciapolitica\/edital-professor-a-visitante\/","title":{"rendered":"Edital Professor\/a Visitante"},"content":{"rendered":"<p style=\"font-weight: 400;\">O PPGCPol torna p\u00fablico o Edital de Processo Seletivo Simplificado para Professor\/a Visitante\u00a0 a\u0302mbito do Programa.<\/p>\n<p style=\"font-weight: 400;\">Inscri\u00e7\u00f5es at\u00e9 03 de fevereiro de 2025.<\/p>\n<p>&nbsp;<\/p>\n<p><a href=\"https:\/\/wp.ufpel.edu.br\/ppgcienciapolitica\/files\/2024\/12\/Edital-Professora-Visitante-PPGCPol-UFPel.pdf\">Edital Professor\/a Visitante PPGCPol UFPel<\/a><\/p>\n<p><a href=\"https:\/\/wp.ufpel.edu.br\/ppgcienciapolitica\/files\/2024\/12\/SEIUFPel-2894721-Edital-de-Retificacao-PRPPG.pdf\">Edital de Retifica\u00e7\u00e3o<\/a><\/p>\n<p><a href=\"https:\/\/wp.ufpel.edu.br\/ppgcienciapolitica\/files\/2024\/12\/Anexo_I-Formulario-de-Inscricao.pdf\">Anexo I &#8211; Formul\u00e1rio de Inscri\u00e7\u00e3o<\/a><\/p>\n<p><a href=\"https:\/\/wp.ufpel.edu.br\/ppgcienciapolitica\/files\/2024\/12\/Anexo_II-Quadro-de-Pontuacao.pdf\">Anexo II &#8211; Quadro de Pontua\u00e7\u00e3o<\/a><\/p>\n<p>&nbsp;<\/p>\n<div class=\"page\" title=\"Page 3\">\n<div class=\"layoutArea\">\n<div class=\"column\">\n<p><a href=\"https:\/\/wp.ufpel.edu.br\/ppgcienciapolitica\/files\/2024\/12\/Lista-de-Inscricoes-Selecao-Visitante-2025.pdf\">Candidatos\/as inscritos\/as<\/a> (06\/02\/2025, 16:00h)<\/p>\n<p><a href=\"https:\/\/wp.ufpel.edu.br\/ppgcienciapolitica\/files\/2024\/12\/Reconhecimento-de-competencia.pdf\">Primeira fase &#8211; Resultado<\/a> (10\/02\/2025, 20:45h)<\/p>\n<p><a href=\"https:\/\/wp.ufpel.edu.br\/ppgcienciapolitica\/files\/2024\/12\/Resultado-Segunda-Fase.pdf\">Segunda Fase &#8211; Resultado<\/a> (21\/02\/2025, 08:12h)<\/p>\n<\/div>\n<\/div>\n<\/div>\n<p>&nbsp;<\/p>\n<p>Banca Examinadora: Prof. Daniel de Mendon\u00e7a, Prof. Guilherme Massa\u00fa, Profa. Rosangela Schulz.<\/p>\n","protected":false},"excerpt":{"rendered":"<p>O PPGCPol torna p\u00fablico o Edital de Processo Seletivo Simplificado para Professor\/a Visitante\u00a0 a\u0302mbito do Programa. Inscri\u00e7\u00f5es at\u00e9 03 de fevereiro de 2025. &nbsp; Edital Professor\/a Visitante PPGCPol UFPel Edital de Retifica\u00e7\u00e3o Anexo I &#8211; Formul\u00e1rio de Inscri\u00e7\u00e3o Anexo II &#8211; Quadro de Pontua\u00e7\u00e3o &nbsp; Candidatos\/as inscritos\/as (06\/02\/2025, 16:00h) Primeira fase &#8211; Resultado (10\/02\/2025, 20:45h) [&hellip;]<\/p>\n","protected":false},"author":555,"featured_media":0,"comment_status":"closed","ping_status":"closed","sticky":false,"template":"","format":"standard","meta":{"_jetpack_memberships_contains_paid_content":false,"footnotes":""},"categories":[12],"tags":[],"class_list":["post-4779","post","type-post","status-publish","format-standard","hentry","category-sem-categoria-pt"],"jetpack_featured_media_url":"","jetpack_sharing_enabled":true,"_links":{"self":[{"href":"https:\/\/wp.ufpel.edu.br\/ppgcienciapolitica\/wp-json\/wp\/v2\/posts\/4779","targetHints":{"allow":["GET"]}}],"collection":[{"href":"https:\/\/wp.ufpel.edu.br\/ppgcienciapolitica\/wp-json\/wp\/v2\/posts"}],"about":[{"href":"https:\/\/wp.ufpel.edu.br\/ppgcienciapolitica\/wp-json\/wp\/v2\/types\/post"}],"author":[{"embeddable":true,"href":"https:\/\/wp.ufpel.edu.br\/ppgcienciapolitica\/wp-json\/wp\/v2\/users\/555"}],"replies":[{"embeddable":true,"href":"https:\/\/wp.ufpel.edu.br\/ppgcienciapolitica\/wp-json\/wp\/v2\/comments?post=4779"}],"version-history":[{"count":11,"href":"https:\/\/wp.ufpel.edu.br\/ppgcienciapolitica\/wp-json\/wp\/v2\/posts\/4779\/revisions"}],"predecessor-version":[{"id":4836,"href":"https:\/\/wp.ufpel.edu.br\/ppgcienciapolitica\/wp-json\/wp\/v2\/posts\/4779\/revisions\/4836"}],"wp:attachment":[{"href":"https:\/\/wp.ufpel.edu.br\/ppgcienciapolitica\/wp-json\/wp\/v2\/media?parent=4779"}],"wp:term":[{"taxonomy":"category","embeddable":true,"href":"https:\/\/wp.ufpel.edu.br\/ppgcienciapolitica\/wp-json\/wp\/v2\/categories?post=4779"},{"taxonomy":"post_tag","embeddable":true,"href":"https:\/\/wp.ufpel.edu.br\/ppgcienciapolitica\/wp-json\/wp\/v2\/tags?post=4779"}],"curies":[{"name":"wp","href":"https:\/\/api.w.org\/{rel}","templated":true}]}}