{"id":4727,"date":"2024-11-12T19:40:43","date_gmt":"2024-11-12T22:40:43","guid":{"rendered":"https:\/\/wp.ufpel.edu.br\/ppgcienciapolitica\/?p=4727"},"modified":"2024-11-12T19:40:43","modified_gmt":"2024-11-12T22:40:43","slug":"selecao-interna-ppgcpol-para-pdse-2025","status":"publish","type":"post","link":"https:\/\/wp.ufpel.edu.br\/ppgcienciapolitica\/selecao-interna-ppgcpol-para-pdse-2025\/","title":{"rendered":"Sele\u00e7\u00e3o Interna PPGCPol para PDSE 2025"},"content":{"rendered":"<p>Est\u00e3o abertas as inscri\u00e7\u00f5es para a Sele\u00e7\u00e3o Interna do PPGCPol com vistas ao Programa Institucional de Doutorado Sandu\u00edche no Exterior &#8211; CAPES (PDSE &#8211; Edital Capes n. 26\/2024).<\/p>\n<p>Acesse o<span class=\"gmail-Apple-converted-space\">\u00a0 <a href=\"https:\/\/wp.ufpel.edu.br\/ppgcienciapolitica\/files\/2024\/11\/Edital-PDSE-2025.pdf\">Edital 191\/2024<\/a><\/span>\u00a0para todas as informa\u00e7\u00f5es. O prazo para submiss\u00e3o de candidatura \u00e9 29\/11\/2024.<\/p>\n","protected":false},"excerpt":{"rendered":"<p>Est\u00e3o abertas as inscri\u00e7\u00f5es para a Sele\u00e7\u00e3o Interna do PPGCPol com vistas ao Programa Institucional de Doutorado Sandu\u00edche no Exterior &#8211; CAPES (PDSE &#8211; Edital Capes n. 26\/2024). Acesse o\u00a0 Edital 191\/2024\u00a0para todas as informa\u00e7\u00f5es. O prazo para submiss\u00e3o de candidatura \u00e9 29\/11\/2024.<\/p>\n","protected":false},"author":555,"featured_media":0,"comment_status":"closed","ping_status":"closed","sticky":false,"template":"","format":"standard","meta":{"_jetpack_memberships_contains_paid_content":false,"footnotes":""},"categories":[12],"tags":[],"class_list":["post-4727","post","type-post","status-publish","format-standard","hentry","category-sem-categoria-pt"],"jetpack_featured_media_url":"","jetpack_sharing_enabled":true,"_links":{"self":[{"href":"https:\/\/wp.ufpel.edu.br\/ppgcienciapolitica\/wp-json\/wp\/v2\/posts\/4727","targetHints":{"allow":["GET"]}}],"collection":[{"href":"https:\/\/wp.ufpel.edu.br\/ppgcienciapolitica\/wp-json\/wp\/v2\/posts"}],"about":[{"href":"https:\/\/wp.ufpel.edu.br\/ppgcienciapolitica\/wp-json\/wp\/v2\/types\/post"}],"author":[{"embeddable":true,"href":"https:\/\/wp.ufpel.edu.br\/ppgcienciapolitica\/wp-json\/wp\/v2\/users\/555"}],"replies":[{"embeddable":true,"href":"https:\/\/wp.ufpel.edu.br\/ppgcienciapolitica\/wp-json\/wp\/v2\/comments?post=4727"}],"version-history":[{"count":1,"href":"https:\/\/wp.ufpel.edu.br\/ppgcienciapolitica\/wp-json\/wp\/v2\/posts\/4727\/revisions"}],"predecessor-version":[{"id":4729,"href":"https:\/\/wp.ufpel.edu.br\/ppgcienciapolitica\/wp-json\/wp\/v2\/posts\/4727\/revisions\/4729"}],"wp:attachment":[{"href":"https:\/\/wp.ufpel.edu.br\/ppgcienciapolitica\/wp-json\/wp\/v2\/media?parent=4727"}],"wp:term":[{"taxonomy":"category","embeddable":true,"href":"https:\/\/wp.ufpel.edu.br\/ppgcienciapolitica\/wp-json\/wp\/v2\/categories?post=4727"},{"taxonomy":"post_tag","embeddable":true,"href":"https:\/\/wp.ufpel.edu.br\/ppgcienciapolitica\/wp-json\/wp\/v2\/tags?post=4727"}],"curies":[{"name":"wp","href":"https:\/\/api.w.org\/{rel}","templated":true}]}}