{"id":4720,"date":"2024-11-08T19:07:41","date_gmt":"2024-11-08T22:07:41","guid":{"rendered":"https:\/\/wp.ufpel.edu.br\/ppgcienciapolitica\/?p=4720"},"modified":"2024-11-08T19:07:41","modified_gmt":"2024-11-08T22:07:41","slug":"edital-extraordinario-pesquisa-de-campo-discente","status":"publish","type":"post","link":"https:\/\/wp.ufpel.edu.br\/ppgcienciapolitica\/edital-extraordinario-pesquisa-de-campo-discente\/","title":{"rendered":"Edital Extraordin\u00e1rio &#8211; Pesquisa de campo discente"},"content":{"rendered":"<p>O PPGCPol torna p\u00fablico o edital extraordin\u00e1rio que objetiva aloca\u00e7\u00e3o de recursos para trabalho\/pesquisa de campo discente.<\/p>\n<p><a href=\"https:\/\/wp.ufpel.edu.br\/ppgcienciapolitica\/files\/2024\/11\/SEI_2835101_Edital_01.pdf\">Edital Extraordin\u00e1rio (novembro de 2024) &#8211; Pesquisa de campo discente<\/a><\/p>\n<p><a href=\"https:\/\/wp.ufpel.edu.br\/ppgcienciapolitica\/files\/2024\/11\/Modelo-Plano-de-Trabalho.pdf\">Modelo &#8211; Plano de Trabalho<\/a><\/p>\n","protected":false},"excerpt":{"rendered":"<p>O PPGCPol torna p\u00fablico o edital extraordin\u00e1rio que objetiva aloca\u00e7\u00e3o de recursos para trabalho\/pesquisa de campo discente. Edital Extraordin\u00e1rio (novembro de 2024) &#8211; Pesquisa de campo discente Modelo &#8211; Plano de Trabalho<\/p>\n","protected":false},"author":555,"featured_media":0,"comment_status":"closed","ping_status":"closed","sticky":false,"template":"","format":"standard","meta":{"_jetpack_memberships_contains_paid_content":false,"footnotes":""},"categories":[12],"tags":[],"class_list":["post-4720","post","type-post","status-publish","format-standard","hentry","category-sem-categoria-pt"],"jetpack_featured_media_url":"","jetpack_sharing_enabled":true,"_links":{"self":[{"href":"https:\/\/wp.ufpel.edu.br\/ppgcienciapolitica\/wp-json\/wp\/v2\/posts\/4720","targetHints":{"allow":["GET"]}}],"collection":[{"href":"https:\/\/wp.ufpel.edu.br\/ppgcienciapolitica\/wp-json\/wp\/v2\/posts"}],"about":[{"href":"https:\/\/wp.ufpel.edu.br\/ppgcienciapolitica\/wp-json\/wp\/v2\/types\/post"}],"author":[{"embeddable":true,"href":"https:\/\/wp.ufpel.edu.br\/ppgcienciapolitica\/wp-json\/wp\/v2\/users\/555"}],"replies":[{"embeddable":true,"href":"https:\/\/wp.ufpel.edu.br\/ppgcienciapolitica\/wp-json\/wp\/v2\/comments?post=4720"}],"version-history":[{"count":1,"href":"https:\/\/wp.ufpel.edu.br\/ppgcienciapolitica\/wp-json\/wp\/v2\/posts\/4720\/revisions"}],"predecessor-version":[{"id":4723,"href":"https:\/\/wp.ufpel.edu.br\/ppgcienciapolitica\/wp-json\/wp\/v2\/posts\/4720\/revisions\/4723"}],"wp:attachment":[{"href":"https:\/\/wp.ufpel.edu.br\/ppgcienciapolitica\/wp-json\/wp\/v2\/media?parent=4720"}],"wp:term":[{"taxonomy":"category","embeddable":true,"href":"https:\/\/wp.ufpel.edu.br\/ppgcienciapolitica\/wp-json\/wp\/v2\/categories?post=4720"},{"taxonomy":"post_tag","embeddable":true,"href":"https:\/\/wp.ufpel.edu.br\/ppgcienciapolitica\/wp-json\/wp\/v2\/tags?post=4720"}],"curies":[{"name":"wp","href":"https:\/\/api.w.org\/{rel}","templated":true}]}}