{"id":4681,"date":"2024-10-16T09:15:33","date_gmt":"2024-10-16T12:15:33","guid":{"rendered":"https:\/\/wp.ufpel.edu.br\/ppgcienciapolitica\/?p=4681"},"modified":"2024-10-16T09:15:33","modified_gmt":"2024-10-16T12:15:33","slug":"nova-edicao-da-rsulacp-2","status":"publish","type":"post","link":"https:\/\/wp.ufpel.edu.br\/ppgcienciapolitica\/nova-edicao-da-rsulacp-2\/","title":{"rendered":"Nova edi\u00e7\u00e3o da RSulACP"},"content":{"rendered":"<p><a href=\"https:\/\/wp.ufpel.edu.br\/ppgcienciapolitica\/files\/2024\/10\/WhatsApp-Image-2024-10-15-at-21.32.27.jpeg\"><img class=\" wp-image-4682 alignright\" src=\"https:\/\/wp.ufpel.edu.br\/ppgcienciapolitica\/files\/2024\/10\/WhatsApp-Image-2024-10-15-at-21.32.27-400x367.jpeg\" alt=\"\" width=\"322\" height=\"295\" srcset=\"https:\/\/wp.ufpel.edu.br\/ppgcienciapolitica\/files\/2024\/10\/WhatsApp-Image-2024-10-15-at-21.32.27-400x367.jpeg 400w, https:\/\/wp.ufpel.edu.br\/ppgcienciapolitica\/files\/2024\/10\/WhatsApp-Image-2024-10-15-at-21.32.27-1024x939.jpeg 1024w, https:\/\/wp.ufpel.edu.br\/ppgcienciapolitica\/files\/2024\/10\/WhatsApp-Image-2024-10-15-at-21.32.27-768x704.jpeg 768w, https:\/\/wp.ufpel.edu.br\/ppgcienciapolitica\/files\/2024\/10\/WhatsApp-Image-2024-10-15-at-21.32.27.jpeg 1280w\" sizes=\"(max-width: 322px) 100vw, 322px\" \/><\/a><\/p>\n<p>&nbsp;<\/p>\n<p>&nbsp;<\/p>\n<p>D<span style=\"text-align: left; font-family: var(--fonte-corpo);\">ivulgamos a publica\u00e7\u00e3o do novo n\u00famero da Revista Sul-Americana de Ci\u00eancia Pol\u00edtica (RSULACP, v. 10, n. 1, 2024).<\/span><\/p>\n<p style=\"text-align: left;\">A nova edi\u00e7\u00e3o pode ser acessada em: <a href=\"https:\/\/periodicos.ufpel.edu.br\/index.php\/rsulacp\">https:\/\/periodicos.ufpel.edu.br\/index.php\/rsulacp<\/a><\/p>\n<p>&nbsp;<\/p>\n<p style=\"text-align: center;\">\n<p>&nbsp;<\/p>\n","protected":false},"excerpt":{"rendered":"<p>&nbsp; &nbsp; Divulgamos a publica\u00e7\u00e3o do novo n\u00famero da Revista Sul-Americana de Ci\u00eancia Pol\u00edtica (RSULACP, v. 10, n. 1, 2024). A nova edi\u00e7\u00e3o pode ser acessada em: https:\/\/periodicos.ufpel.edu.br\/index.php\/rsulacp &nbsp; &nbsp;<\/p>\n","protected":false},"author":555,"featured_media":0,"comment_status":"closed","ping_status":"closed","sticky":false,"template":"","format":"standard","meta":{"_jetpack_memberships_contains_paid_content":false,"footnotes":""},"categories":[12],"tags":[],"class_list":["post-4681","post","type-post","status-publish","format-standard","hentry","category-sem-categoria-pt"],"jetpack_featured_media_url":"","jetpack_sharing_enabled":true,"_links":{"self":[{"href":"https:\/\/wp.ufpel.edu.br\/ppgcienciapolitica\/wp-json\/wp\/v2\/posts\/4681","targetHints":{"allow":["GET"]}}],"collection":[{"href":"https:\/\/wp.ufpel.edu.br\/ppgcienciapolitica\/wp-json\/wp\/v2\/posts"}],"about":[{"href":"https:\/\/wp.ufpel.edu.br\/ppgcienciapolitica\/wp-json\/wp\/v2\/types\/post"}],"author":[{"embeddable":true,"href":"https:\/\/wp.ufpel.edu.br\/ppgcienciapolitica\/wp-json\/wp\/v2\/users\/555"}],"replies":[{"embeddable":true,"href":"https:\/\/wp.ufpel.edu.br\/ppgcienciapolitica\/wp-json\/wp\/v2\/comments?post=4681"}],"version-history":[{"count":4,"href":"https:\/\/wp.ufpel.edu.br\/ppgcienciapolitica\/wp-json\/wp\/v2\/posts\/4681\/revisions"}],"predecessor-version":[{"id":4686,"href":"https:\/\/wp.ufpel.edu.br\/ppgcienciapolitica\/wp-json\/wp\/v2\/posts\/4681\/revisions\/4686"}],"wp:attachment":[{"href":"https:\/\/wp.ufpel.edu.br\/ppgcienciapolitica\/wp-json\/wp\/v2\/media?parent=4681"}],"wp:term":[{"taxonomy":"category","embeddable":true,"href":"https:\/\/wp.ufpel.edu.br\/ppgcienciapolitica\/wp-json\/wp\/v2\/categories?post=4681"},{"taxonomy":"post_tag","embeddable":true,"href":"https:\/\/wp.ufpel.edu.br\/ppgcienciapolitica\/wp-json\/wp\/v2\/tags?post=4681"}],"curies":[{"name":"wp","href":"https:\/\/api.w.org\/{rel}","templated":true}]}}