{"id":4630,"date":"2024-09-02T16:20:38","date_gmt":"2024-09-02T19:20:38","guid":{"rendered":"https:\/\/wp.ufpel.edu.br\/ppgcienciapolitica\/?p=4630"},"modified":"2024-09-02T16:20:38","modified_gmt":"2024-09-02T19:20:38","slug":"resultado-edital-extraordinario-auxilio-trabalho-de-campo-para-discentes-do-ppgcpol","status":"publish","type":"post","link":"https:\/\/wp.ufpel.edu.br\/ppgcienciapolitica\/resultado-edital-extraordinario-auxilio-trabalho-de-campo-para-discentes-do-ppgcpol\/","title":{"rendered":"Resultado Edital extraordin\u00e1rio &#8211; aux\u00edlio trabalho de campo para discentes do PPGCPol"},"content":{"rendered":"<p>O PPGCPol torna p\u00fablico o resultado do Edital extraordin\u00e1rio &#8211; aux\u00edlio trabalho de campo para discentes do PPGCPol.<\/p>\n<p><a href=\"https:\/\/wp.ufpel.edu.br\/ppgcienciapolitica\/files\/2024\/09\/RESULTADO-EDITAL-EXTRAORDINA\u0301RIO.pdf\">Resultado Edital Extraordin\u00e1rio &#8211; Trabalho de Campo <\/a><\/p>\n","protected":false},"excerpt":{"rendered":"<p>O PPGCPol torna p\u00fablico o resultado do Edital extraordin\u00e1rio &#8211; aux\u00edlio trabalho de campo para discentes do PPGCPol. Resultado Edital Extraordin\u00e1rio &#8211; Trabalho de Campo<\/p>\n","protected":false},"author":555,"featured_media":0,"comment_status":"closed","ping_status":"closed","sticky":false,"template":"","format":"standard","meta":{"_jetpack_memberships_contains_paid_content":false,"footnotes":""},"categories":[12],"tags":[],"class_list":["post-4630","post","type-post","status-publish","format-standard","hentry","category-sem-categoria-pt"],"jetpack_featured_media_url":"","jetpack_sharing_enabled":true,"_links":{"self":[{"href":"https:\/\/wp.ufpel.edu.br\/ppgcienciapolitica\/wp-json\/wp\/v2\/posts\/4630","targetHints":{"allow":["GET"]}}],"collection":[{"href":"https:\/\/wp.ufpel.edu.br\/ppgcienciapolitica\/wp-json\/wp\/v2\/posts"}],"about":[{"href":"https:\/\/wp.ufpel.edu.br\/ppgcienciapolitica\/wp-json\/wp\/v2\/types\/post"}],"author":[{"embeddable":true,"href":"https:\/\/wp.ufpel.edu.br\/ppgcienciapolitica\/wp-json\/wp\/v2\/users\/555"}],"replies":[{"embeddable":true,"href":"https:\/\/wp.ufpel.edu.br\/ppgcienciapolitica\/wp-json\/wp\/v2\/comments?post=4630"}],"version-history":[{"count":1,"href":"https:\/\/wp.ufpel.edu.br\/ppgcienciapolitica\/wp-json\/wp\/v2\/posts\/4630\/revisions"}],"predecessor-version":[{"id":4632,"href":"https:\/\/wp.ufpel.edu.br\/ppgcienciapolitica\/wp-json\/wp\/v2\/posts\/4630\/revisions\/4632"}],"wp:attachment":[{"href":"https:\/\/wp.ufpel.edu.br\/ppgcienciapolitica\/wp-json\/wp\/v2\/media?parent=4630"}],"wp:term":[{"taxonomy":"category","embeddable":true,"href":"https:\/\/wp.ufpel.edu.br\/ppgcienciapolitica\/wp-json\/wp\/v2\/categories?post=4630"},{"taxonomy":"post_tag","embeddable":true,"href":"https:\/\/wp.ufpel.edu.br\/ppgcienciapolitica\/wp-json\/wp\/v2\/tags?post=4630"}],"curies":[{"name":"wp","href":"https:\/\/api.w.org\/{rel}","templated":true}]}}