{"id":4600,"date":"2024-08-16T08:01:26","date_gmt":"2024-08-16T11:01:26","guid":{"rendered":"https:\/\/wp.ufpel.edu.br\/ppgcienciapolitica\/?p=4600"},"modified":"2024-08-16T08:01:26","modified_gmt":"2024-08-16T11:01:26","slug":"edital-extraordinario-auxilio-trabalho-de-campo-para-discentes-do-ppgcpol-2","status":"publish","type":"post","link":"https:\/\/wp.ufpel.edu.br\/ppgcienciapolitica\/edital-extraordinario-auxilio-trabalho-de-campo-para-discentes-do-ppgcpol-2\/","title":{"rendered":"Edital extraordin\u00e1rio &#8211; aux\u00edlio trabalho de campo para discentes do PPGCPol"},"content":{"rendered":"<p>Tornamos p\u00fablico edital extraordin\u00e1rio que objetiva aloca\u00e7\u00e3o de recursos para aux\u00edlio de trabalho\/pesquisa de campo discente.<\/p>\n<p><a href=\"https:\/\/wp.ufpel.edu.br\/ppgcienciapolitica\/files\/2024\/08\/SEI_UFPel-2709221-Edital.pdf\">Edital Extraordin\u00e1rio &#8211; Pesquisa de campo 2024<\/a><\/p>\n<p><a href=\"https:\/\/wp.ufpel.edu.br\/ppgcienciapolitica\/files\/2024\/08\/Modelo-Plano-de-Trabalho.pdf\">Modelo Plano de Trabalho<\/a><\/p>\n","protected":false},"excerpt":{"rendered":"<p>Tornamos p\u00fablico edital extraordin\u00e1rio que objetiva aloca\u00e7\u00e3o de recursos para aux\u00edlio de trabalho\/pesquisa de campo discente. Edital Extraordin\u00e1rio &#8211; Pesquisa de campo 2024 Modelo Plano de Trabalho<\/p>\n","protected":false},"author":555,"featured_media":0,"comment_status":"closed","ping_status":"closed","sticky":false,"template":"","format":"standard","meta":{"_jetpack_memberships_contains_paid_content":false,"footnotes":""},"categories":[12],"tags":[],"class_list":["post-4600","post","type-post","status-publish","format-standard","hentry","category-sem-categoria-pt"],"jetpack_featured_media_url":"","jetpack_sharing_enabled":true,"_links":{"self":[{"href":"https:\/\/wp.ufpel.edu.br\/ppgcienciapolitica\/wp-json\/wp\/v2\/posts\/4600","targetHints":{"allow":["GET"]}}],"collection":[{"href":"https:\/\/wp.ufpel.edu.br\/ppgcienciapolitica\/wp-json\/wp\/v2\/posts"}],"about":[{"href":"https:\/\/wp.ufpel.edu.br\/ppgcienciapolitica\/wp-json\/wp\/v2\/types\/post"}],"author":[{"embeddable":true,"href":"https:\/\/wp.ufpel.edu.br\/ppgcienciapolitica\/wp-json\/wp\/v2\/users\/555"}],"replies":[{"embeddable":true,"href":"https:\/\/wp.ufpel.edu.br\/ppgcienciapolitica\/wp-json\/wp\/v2\/comments?post=4600"}],"version-history":[{"count":1,"href":"https:\/\/wp.ufpel.edu.br\/ppgcienciapolitica\/wp-json\/wp\/v2\/posts\/4600\/revisions"}],"predecessor-version":[{"id":4603,"href":"https:\/\/wp.ufpel.edu.br\/ppgcienciapolitica\/wp-json\/wp\/v2\/posts\/4600\/revisions\/4603"}],"wp:attachment":[{"href":"https:\/\/wp.ufpel.edu.br\/ppgcienciapolitica\/wp-json\/wp\/v2\/media?parent=4600"}],"wp:term":[{"taxonomy":"category","embeddable":true,"href":"https:\/\/wp.ufpel.edu.br\/ppgcienciapolitica\/wp-json\/wp\/v2\/categories?post=4600"},{"taxonomy":"post_tag","embeddable":true,"href":"https:\/\/wp.ufpel.edu.br\/ppgcienciapolitica\/wp-json\/wp\/v2\/tags?post=4600"}],"curies":[{"name":"wp","href":"https:\/\/api.w.org\/{rel}","templated":true}]}}