{"id":4576,"date":"2024-07-22T09:01:23","date_gmt":"2024-07-22T12:01:23","guid":{"rendered":"https:\/\/wp.ufpel.edu.br\/ppgcienciapolitica\/?p=4576"},"modified":"2024-08-23T17:48:52","modified_gmt":"2024-08-23T20:48:52","slug":"grade-de-disciplinas-e-informacoes-sobre-matriculas-2024-2","status":"publish","type":"post","link":"https:\/\/wp.ufpel.edu.br\/ppgcienciapolitica\/grade-de-disciplinas-e-informacoes-sobre-matriculas-2024-2\/","title":{"rendered":"Grade de disciplinas e informa\u00e7\u00f5es sobre matr\u00edculas 2024\/2"},"content":{"rendered":"<p><a href=\"https:\/\/wp.ufpel.edu.br\/ppgcienciapolitica\/files\/2024\/07\/Grade-de-Horarios-PPGPCOL-6.jpg\"><img class=\"alignnone  wp-image-4614\" src=\"https:\/\/wp.ufpel.edu.br\/ppgcienciapolitica\/files\/2024\/07\/Grade-de-Horarios-PPGPCOL-6-400x285.jpg\" alt=\"\" width=\"724\" height=\"516\" srcset=\"https:\/\/wp.ufpel.edu.br\/ppgcienciapolitica\/files\/2024\/07\/Grade-de-Horarios-PPGPCOL-6-400x285.jpg 400w, https:\/\/wp.ufpel.edu.br\/ppgcienciapolitica\/files\/2024\/07\/Grade-de-Horarios-PPGPCOL-6-1024x729.jpg 1024w, https:\/\/wp.ufpel.edu.br\/ppgcienciapolitica\/files\/2024\/07\/Grade-de-Horarios-PPGPCOL-6-768x547.jpg 768w, https:\/\/wp.ufpel.edu.br\/ppgcienciapolitica\/files\/2024\/07\/Grade-de-Horarios-PPGPCOL-6-1536x1094.jpg 1536w, https:\/\/wp.ufpel.edu.br\/ppgcienciapolitica\/files\/2024\/07\/Grade-de-Horarios-PPGPCOL-6-2048x1459.jpg 2048w\" sizes=\"(max-width: 724px) 100vw, 724px\" \/><\/a><\/p>\n<p>&nbsp;<\/p>\n<p>[Atualizado em 23\/08\/2024]<\/p>\n","protected":false},"excerpt":{"rendered":"<p>&nbsp; [Atualizado em 23\/08\/2024]<\/p>\n","protected":false},"author":555,"featured_media":0,"comment_status":"closed","ping_status":"closed","sticky":false,"template":"","format":"standard","meta":{"_jetpack_memberships_contains_paid_content":false,"footnotes":""},"categories":[12],"tags":[],"class_list":["post-4576","post","type-post","status-publish","format-standard","hentry","category-sem-categoria-pt"],"jetpack_featured_media_url":"","jetpack_sharing_enabled":true,"_links":{"self":[{"href":"https:\/\/wp.ufpel.edu.br\/ppgcienciapolitica\/wp-json\/wp\/v2\/posts\/4576","targetHints":{"allow":["GET"]}}],"collection":[{"href":"https:\/\/wp.ufpel.edu.br\/ppgcienciapolitica\/wp-json\/wp\/v2\/posts"}],"about":[{"href":"https:\/\/wp.ufpel.edu.br\/ppgcienciapolitica\/wp-json\/wp\/v2\/types\/post"}],"author":[{"embeddable":true,"href":"https:\/\/wp.ufpel.edu.br\/ppgcienciapolitica\/wp-json\/wp\/v2\/users\/555"}],"replies":[{"embeddable":true,"href":"https:\/\/wp.ufpel.edu.br\/ppgcienciapolitica\/wp-json\/wp\/v2\/comments?post=4576"}],"version-history":[{"count":7,"href":"https:\/\/wp.ufpel.edu.br\/ppgcienciapolitica\/wp-json\/wp\/v2\/posts\/4576\/revisions"}],"predecessor-version":[{"id":4616,"href":"https:\/\/wp.ufpel.edu.br\/ppgcienciapolitica\/wp-json\/wp\/v2\/posts\/4576\/revisions\/4616"}],"wp:attachment":[{"href":"https:\/\/wp.ufpel.edu.br\/ppgcienciapolitica\/wp-json\/wp\/v2\/media?parent=4576"}],"wp:term":[{"taxonomy":"category","embeddable":true,"href":"https:\/\/wp.ufpel.edu.br\/ppgcienciapolitica\/wp-json\/wp\/v2\/categories?post=4576"},{"taxonomy":"post_tag","embeddable":true,"href":"https:\/\/wp.ufpel.edu.br\/ppgcienciapolitica\/wp-json\/wp\/v2\/tags?post=4576"}],"curies":[{"name":"wp","href":"https:\/\/api.w.org\/{rel}","templated":true}]}}