{"id":4495,"date":"2024-05-08T18:41:06","date_gmt":"2024-05-08T21:41:06","guid":{"rendered":"https:\/\/wp.ufpel.edu.br\/ppgcienciapolitica\/?p=4495"},"modified":"2024-05-08T18:41:06","modified_gmt":"2024-05-08T21:41:06","slug":"edital-prae-ajuda-a-estudantes-atingidos-pela-elevacao-das-aguas","status":"publish","type":"post","link":"https:\/\/wp.ufpel.edu.br\/ppgcienciapolitica\/edital-prae-ajuda-a-estudantes-atingidos-pela-elevacao-das-aguas\/","title":{"rendered":"Edital PRAE &#8211; ajuda a estudantes atingidos pela eleva\u00e7\u00e3o das \u00e1guas"},"content":{"rendered":"<p>PRAE publica Edital Emergencial para ajuda a estudantes atingidos pela eleva\u00e7\u00e3o do n\u00edvel de \u00e1guas no RS.<\/p>\n<p>Estudantes da UFPel podem solicitar aux\u00edlio emergencial caso tenham sido atingidos pelas enchentes no Rio Grande do Sul.<\/p>\n<p>Para todas as informa\u00e7\u00f5es, acesse: <a href=\"https:\/\/wp.ufpel.edu.br\/prae\/\">https:\/\/wp.ufpel.edu.br\/prae\/<\/a><\/p>\n","protected":false},"excerpt":{"rendered":"<p>PRAE publica Edital Emergencial para ajuda a estudantes atingidos pela eleva\u00e7\u00e3o do n\u00edvel de \u00e1guas no RS. Estudantes da UFPel podem solicitar aux\u00edlio emergencial caso tenham sido atingidos pelas enchentes no Rio Grande do Sul. Para todas as informa\u00e7\u00f5es, acesse: https:\/\/wp.ufpel.edu.br\/prae\/<\/p>\n","protected":false},"author":555,"featured_media":0,"comment_status":"closed","ping_status":"closed","sticky":false,"template":"","format":"standard","meta":{"_jetpack_memberships_contains_paid_content":false,"footnotes":""},"categories":[12],"tags":[],"class_list":["post-4495","post","type-post","status-publish","format-standard","hentry","category-sem-categoria-pt"],"jetpack_featured_media_url":"","jetpack_sharing_enabled":true,"_links":{"self":[{"href":"https:\/\/wp.ufpel.edu.br\/ppgcienciapolitica\/wp-json\/wp\/v2\/posts\/4495","targetHints":{"allow":["GET"]}}],"collection":[{"href":"https:\/\/wp.ufpel.edu.br\/ppgcienciapolitica\/wp-json\/wp\/v2\/posts"}],"about":[{"href":"https:\/\/wp.ufpel.edu.br\/ppgcienciapolitica\/wp-json\/wp\/v2\/types\/post"}],"author":[{"embeddable":true,"href":"https:\/\/wp.ufpel.edu.br\/ppgcienciapolitica\/wp-json\/wp\/v2\/users\/555"}],"replies":[{"embeddable":true,"href":"https:\/\/wp.ufpel.edu.br\/ppgcienciapolitica\/wp-json\/wp\/v2\/comments?post=4495"}],"version-history":[{"count":1,"href":"https:\/\/wp.ufpel.edu.br\/ppgcienciapolitica\/wp-json\/wp\/v2\/posts\/4495\/revisions"}],"predecessor-version":[{"id":4496,"href":"https:\/\/wp.ufpel.edu.br\/ppgcienciapolitica\/wp-json\/wp\/v2\/posts\/4495\/revisions\/4496"}],"wp:attachment":[{"href":"https:\/\/wp.ufpel.edu.br\/ppgcienciapolitica\/wp-json\/wp\/v2\/media?parent=4495"}],"wp:term":[{"taxonomy":"category","embeddable":true,"href":"https:\/\/wp.ufpel.edu.br\/ppgcienciapolitica\/wp-json\/wp\/v2\/categories?post=4495"},{"taxonomy":"post_tag","embeddable":true,"href":"https:\/\/wp.ufpel.edu.br\/ppgcienciapolitica\/wp-json\/wp\/v2\/tags?post=4495"}],"curies":[{"name":"wp","href":"https:\/\/api.w.org\/{rel}","templated":true}]}}