{"id":4487,"date":"2024-05-06T21:29:49","date_gmt":"2024-05-07T00:29:49","guid":{"rendered":"https:\/\/wp.ufpel.edu.br\/ppgcienciapolitica\/?p=4487"},"modified":"2024-06-30T16:28:59","modified_gmt":"2024-06-30T19:28:59","slug":"lancados-os-editais-de-mestrado-e-de-doutorado-2024","status":"publish","type":"post","link":"https:\/\/wp.ufpel.edu.br\/ppgcienciapolitica\/lancados-os-editais-de-mestrado-e-de-doutorado-2024\/","title":{"rendered":"Lan\u00e7ados os editais de Mestrado e de Doutorado 2024"},"content":{"rendered":"<p style=\"font-weight: 400;\"><a href=\"https:\/\/wp.ufpel.edu.br\/ppgcienciapolitica\/files\/2024\/05\/Cartaz-Selecao-2024.png\"><img class=\"wp-image-4488 alignleft\" src=\"https:\/\/wp.ufpel.edu.br\/ppgcienciapolitica\/files\/2024\/05\/Cartaz-Selecao-2024-283x400.png\" alt=\"\" width=\"320\" height=\"452\" srcset=\"https:\/\/wp.ufpel.edu.br\/ppgcienciapolitica\/files\/2024\/05\/Cartaz-Selecao-2024-283x400.png 283w, https:\/\/wp.ufpel.edu.br\/ppgcienciapolitica\/files\/2024\/05\/Cartaz-Selecao-2024-724x1024.png 724w, https:\/\/wp.ufpel.edu.br\/ppgcienciapolitica\/files\/2024\/05\/Cartaz-Selecao-2024-768x1086.png 768w, https:\/\/wp.ufpel.edu.br\/ppgcienciapolitica\/files\/2024\/05\/Cartaz-Selecao-2024-1086x1536.png 1086w, https:\/\/wp.ufpel.edu.br\/ppgcienciapolitica\/files\/2024\/05\/Cartaz-Selecao-2024.png 1414w\" sizes=\"(max-width: 320px) 100vw, 320px\" \/><\/a><\/p>\n<p>&nbsp;<\/p>\n<p>&nbsp;<\/p>\n<p>&nbsp;<\/p>\n<p style=\"font-weight: 400;\">Informamos que o PPGCPol est\u00e1 recebendo inscri\u00e7\u00f5es para os processos seletivos para as turmas 2024 de Mestrado e de Doutorado!<\/p>\n<p style=\"font-weight: 400;\">Para todas as informa\u00e7\u00f5es, acesse o:<\/p>\n<p style=\"font-weight: 400;\"><a href=\"https:\/\/wp.ufpel.edu.br\/ppgcienciapolitica\/files\/2024\/05\/Selecao-Mestrado-2024-PPGCPol.pdf\">Edital \u2013 Mestrado 2024 PPGCPol UFPel<\/a><\/p>\n<p style=\"font-weight: 400;\"><a href=\"https:\/\/wp.ufpel.edu.br\/ppgcienciapolitica\/files\/2024\/05\/Selecao-Doutorado-2024-PPGCPol.pdf\">Edital \u2013 Doutorado 2024 PPGCPol UFPel<\/a><\/p>\n<p style=\"font-weight: 400;\">\n","protected":false},"excerpt":{"rendered":"<p>&nbsp; &nbsp; &nbsp; Informamos que o PPGCPol est\u00e1 recebendo inscri\u00e7\u00f5es para os processos seletivos para as turmas 2024 de Mestrado e de Doutorado! Para todas as informa\u00e7\u00f5es, acesse o: Edital \u2013 Mestrado 2024 PPGCPol UFPel Edital \u2013 Doutorado 2024 PPGCPol UFPel<\/p>\n","protected":false},"author":555,"featured_media":0,"comment_status":"closed","ping_status":"closed","sticky":false,"template":"","format":"standard","meta":{"_jetpack_memberships_contains_paid_content":false,"footnotes":""},"categories":[12],"tags":[],"class_list":["post-4487","post","type-post","status-publish","format-standard","hentry","category-sem-categoria-pt"],"jetpack_featured_media_url":"","jetpack_sharing_enabled":true,"_links":{"self":[{"href":"https:\/\/wp.ufpel.edu.br\/ppgcienciapolitica\/wp-json\/wp\/v2\/posts\/4487","targetHints":{"allow":["GET"]}}],"collection":[{"href":"https:\/\/wp.ufpel.edu.br\/ppgcienciapolitica\/wp-json\/wp\/v2\/posts"}],"about":[{"href":"https:\/\/wp.ufpel.edu.br\/ppgcienciapolitica\/wp-json\/wp\/v2\/types\/post"}],"author":[{"embeddable":true,"href":"https:\/\/wp.ufpel.edu.br\/ppgcienciapolitica\/wp-json\/wp\/v2\/users\/555"}],"replies":[{"embeddable":true,"href":"https:\/\/wp.ufpel.edu.br\/ppgcienciapolitica\/wp-json\/wp\/v2\/comments?post=4487"}],"version-history":[{"count":1,"href":"https:\/\/wp.ufpel.edu.br\/ppgcienciapolitica\/wp-json\/wp\/v2\/posts\/4487\/revisions"}],"predecessor-version":[{"id":4491,"href":"https:\/\/wp.ufpel.edu.br\/ppgcienciapolitica\/wp-json\/wp\/v2\/posts\/4487\/revisions\/4491"}],"wp:attachment":[{"href":"https:\/\/wp.ufpel.edu.br\/ppgcienciapolitica\/wp-json\/wp\/v2\/media?parent=4487"}],"wp:term":[{"taxonomy":"category","embeddable":true,"href":"https:\/\/wp.ufpel.edu.br\/ppgcienciapolitica\/wp-json\/wp\/v2\/categories?post=4487"},{"taxonomy":"post_tag","embeddable":true,"href":"https:\/\/wp.ufpel.edu.br\/ppgcienciapolitica\/wp-json\/wp\/v2\/tags?post=4487"}],"curies":[{"name":"wp","href":"https:\/\/api.w.org\/{rel}","templated":true}]}}