{"id":4457,"date":"2024-04-19T09:50:42","date_gmt":"2024-04-19T12:50:42","guid":{"rendered":"https:\/\/wp.ufpel.edu.br\/ppgcienciapolitica\/?p=4457"},"modified":"2024-04-20T10:36:37","modified_gmt":"2024-04-20T13:36:37","slug":"ciclo-de-debates-ppgcpol-abril","status":"publish","type":"post","link":"https:\/\/wp.ufpel.edu.br\/ppgcienciapolitica\/ciclo-de-debates-ppgcpol-abril\/","title":{"rendered":"Ciclo de Debates PPGCPol &#8211; Abril"},"content":{"rendered":"<p>Convidamos a todos\/as para a atividade do Ciclo de Debates 2024 do PPGCPol que acontecer\u00e1 no dia 23 de abril.<\/p>\n<p style=\"text-align: center;\"><a href=\"https:\/\/wp.ufpel.edu.br\/ppgcienciapolitica\/files\/2024\/04\/Ciclo-debates-PPGCPol-Abril-FB.png\"><img class=\"alignnone size-medium wp-image-4464\" src=\"https:\/\/wp.ufpel.edu.br\/ppgcienciapolitica\/files\/2024\/04\/Ciclo-debates-PPGCPol-Abril-FB-400x335.png\" alt=\"\" width=\"400\" height=\"335\" srcset=\"https:\/\/wp.ufpel.edu.br\/ppgcienciapolitica\/files\/2024\/04\/Ciclo-debates-PPGCPol-Abril-FB-400x335.png 400w, https:\/\/wp.ufpel.edu.br\/ppgcienciapolitica\/files\/2024\/04\/Ciclo-debates-PPGCPol-Abril-FB-768x644.png 768w, https:\/\/wp.ufpel.edu.br\/ppgcienciapolitica\/files\/2024\/04\/Ciclo-debates-PPGCPol-Abril-FB.png 940w\" sizes=\"(max-width: 400px) 100vw, 400px\" \/><\/a><\/p>\n<div class=\"x11i5rnm xat24cr x1mh8g0r x1vvkbs xtlvy1s x126k92a\">\n<div dir=\"auto\">As atividades do Ciclo s\u00e3o abertas a toda a comunidade! N\u00e3o \u00e9 necess\u00e1rio realizar inscri\u00e7\u00e3o pr\u00e9via. Ao final das atividades ser\u00e1 emitido certificado conforme presen\u00e7a.<\/div>\n<\/div>\n","protected":false},"excerpt":{"rendered":"<p>Convidamos a todos\/as para a atividade do Ciclo de Debates 2024 do PPGCPol que acontecer\u00e1 no dia 23 de abril. As atividades do Ciclo s\u00e3o abertas a toda a comunidade! N\u00e3o \u00e9 necess\u00e1rio realizar inscri\u00e7\u00e3o pr\u00e9via. Ao final das atividades ser\u00e1 emitido certificado conforme presen\u00e7a.<\/p>\n","protected":false},"author":555,"featured_media":0,"comment_status":"closed","ping_status":"closed","sticky":false,"template":"","format":"standard","meta":{"_jetpack_memberships_contains_paid_content":false,"footnotes":""},"categories":[12],"tags":[],"class_list":["post-4457","post","type-post","status-publish","format-standard","hentry","category-sem-categoria-pt"],"jetpack_featured_media_url":"","jetpack_sharing_enabled":true,"_links":{"self":[{"href":"https:\/\/wp.ufpel.edu.br\/ppgcienciapolitica\/wp-json\/wp\/v2\/posts\/4457","targetHints":{"allow":["GET"]}}],"collection":[{"href":"https:\/\/wp.ufpel.edu.br\/ppgcienciapolitica\/wp-json\/wp\/v2\/posts"}],"about":[{"href":"https:\/\/wp.ufpel.edu.br\/ppgcienciapolitica\/wp-json\/wp\/v2\/types\/post"}],"author":[{"embeddable":true,"href":"https:\/\/wp.ufpel.edu.br\/ppgcienciapolitica\/wp-json\/wp\/v2\/users\/555"}],"replies":[{"embeddable":true,"href":"https:\/\/wp.ufpel.edu.br\/ppgcienciapolitica\/wp-json\/wp\/v2\/comments?post=4457"}],"version-history":[{"count":4,"href":"https:\/\/wp.ufpel.edu.br\/ppgcienciapolitica\/wp-json\/wp\/v2\/posts\/4457\/revisions"}],"predecessor-version":[{"id":4465,"href":"https:\/\/wp.ufpel.edu.br\/ppgcienciapolitica\/wp-json\/wp\/v2\/posts\/4457\/revisions\/4465"}],"wp:attachment":[{"href":"https:\/\/wp.ufpel.edu.br\/ppgcienciapolitica\/wp-json\/wp\/v2\/media?parent=4457"}],"wp:term":[{"taxonomy":"category","embeddable":true,"href":"https:\/\/wp.ufpel.edu.br\/ppgcienciapolitica\/wp-json\/wp\/v2\/categories?post=4457"},{"taxonomy":"post_tag","embeddable":true,"href":"https:\/\/wp.ufpel.edu.br\/ppgcienciapolitica\/wp-json\/wp\/v2\/tags?post=4457"}],"curies":[{"name":"wp","href":"https:\/\/api.w.org\/{rel}","templated":true}]}}