{"id":4451,"date":"2024-03-27T15:03:40","date_gmt":"2024-03-27T18:03:40","guid":{"rendered":"https:\/\/wp.ufpel.edu.br\/ppgcienciapolitica\/?p=4451"},"modified":"2024-03-27T15:03:40","modified_gmt":"2024-03-27T18:03:40","slug":"selecao-interna-ppgcpol-para-pdse","status":"publish","type":"post","link":"https:\/\/wp.ufpel.edu.br\/ppgcienciapolitica\/selecao-interna-ppgcpol-para-pdse\/","title":{"rendered":"Sele\u00e7\u00e3o Interna PPGCPol para PDSE"},"content":{"rendered":"<p>Est\u00e3o abertas as inscri\u00e7\u00f5es para a Sele\u00e7\u00e3o Interna do PPGCPol com vistas ao Programa Institucional de Doutorado Sandu\u00edche no Exterior &#8211; CAPES (PDSE &#8211; Edital Capes n. 06\/2024).<\/p>\n<p>Acesse o <a href=\"https:\/\/wp.ufpel.edu.br\/ppgcienciapolitica\/files\/2024\/03\/SEI_UFPel-2570630-Edital-de-selecao-PRPPG.pdf\">Edital 50\/2024 (Sele\u00e7\u00e3o Interna PPGCPol &#8211; PDSE)<\/a>\u00a0para todas as informa\u00e7\u00f5es. O prazo para submiss\u00e3o de candidatura \u00e9 21\/04\/2024.<\/p>\n","protected":false},"excerpt":{"rendered":"<p>Est\u00e3o abertas as inscri\u00e7\u00f5es para a Sele\u00e7\u00e3o Interna do PPGCPol com vistas ao Programa Institucional de Doutorado Sandu\u00edche no Exterior &#8211; CAPES (PDSE &#8211; Edital Capes n. 06\/2024). Acesse o Edital 50\/2024 (Sele\u00e7\u00e3o Interna PPGCPol &#8211; PDSE)\u00a0para todas as informa\u00e7\u00f5es. O prazo para submiss\u00e3o de candidatura \u00e9 21\/04\/2024.<\/p>\n","protected":false},"author":555,"featured_media":0,"comment_status":"closed","ping_status":"closed","sticky":false,"template":"","format":"standard","meta":{"_jetpack_memberships_contains_paid_content":false,"footnotes":""},"categories":[12],"tags":[],"class_list":["post-4451","post","type-post","status-publish","format-standard","hentry","category-sem-categoria-pt"],"jetpack_featured_media_url":"","jetpack_sharing_enabled":true,"_links":{"self":[{"href":"https:\/\/wp.ufpel.edu.br\/ppgcienciapolitica\/wp-json\/wp\/v2\/posts\/4451","targetHints":{"allow":["GET"]}}],"collection":[{"href":"https:\/\/wp.ufpel.edu.br\/ppgcienciapolitica\/wp-json\/wp\/v2\/posts"}],"about":[{"href":"https:\/\/wp.ufpel.edu.br\/ppgcienciapolitica\/wp-json\/wp\/v2\/types\/post"}],"author":[{"embeddable":true,"href":"https:\/\/wp.ufpel.edu.br\/ppgcienciapolitica\/wp-json\/wp\/v2\/users\/555"}],"replies":[{"embeddable":true,"href":"https:\/\/wp.ufpel.edu.br\/ppgcienciapolitica\/wp-json\/wp\/v2\/comments?post=4451"}],"version-history":[{"count":1,"href":"https:\/\/wp.ufpel.edu.br\/ppgcienciapolitica\/wp-json\/wp\/v2\/posts\/4451\/revisions"}],"predecessor-version":[{"id":4453,"href":"https:\/\/wp.ufpel.edu.br\/ppgcienciapolitica\/wp-json\/wp\/v2\/posts\/4451\/revisions\/4453"}],"wp:attachment":[{"href":"https:\/\/wp.ufpel.edu.br\/ppgcienciapolitica\/wp-json\/wp\/v2\/media?parent=4451"}],"wp:term":[{"taxonomy":"category","embeddable":true,"href":"https:\/\/wp.ufpel.edu.br\/ppgcienciapolitica\/wp-json\/wp\/v2\/categories?post=4451"},{"taxonomy":"post_tag","embeddable":true,"href":"https:\/\/wp.ufpel.edu.br\/ppgcienciapolitica\/wp-json\/wp\/v2\/tags?post=4451"}],"curies":[{"name":"wp","href":"https:\/\/api.w.org\/{rel}","templated":true}]}}