{"id":4434,"date":"2024-03-04T13:56:10","date_gmt":"2024-03-04T16:56:10","guid":{"rendered":"https:\/\/wp.ufpel.edu.br\/ppgcienciapolitica\/?p=4434"},"modified":"2024-05-22T18:44:17","modified_gmt":"2024-05-22T21:44:17","slug":"eventos-do-ppgcpol-para-o-primeiro-semestre-de-2024","status":"publish","type":"post","link":"https:\/\/wp.ufpel.edu.br\/ppgcienciapolitica\/eventos-do-ppgcpol-para-o-primeiro-semestre-de-2024\/","title":{"rendered":"Eventos do PPGCPol para o primeiro semestre de 2024"},"content":{"rendered":"<p>Compartilhamos a agenda de eventos do PPGCPol programados para 2024\/I, que comp\u00f5em o Ciclo de Debates 2024 do PPGCPol.<\/p>\n<p>As atividades s\u00e3o abertas a toda a comunidade e n\u00e3o \u00e9 necess\u00e1rio realizar inscri\u00e7\u00e3o pr\u00e9via. Ao final do Ciclo de Debates 2024 ser\u00e1 emitido certificado (extens\u00e3o), conforme presen\u00e7a.<\/p>\n<p><a href=\"https:\/\/wp.ufpel.edu.br\/ppgcienciapolitica\/files\/2024\/03\/Grade-de-Horarios-PPGPCOL-5-scaled.jpg\"><img class=\" wp-image-4480 aligncenter\" src=\"https:\/\/wp.ufpel.edu.br\/ppgcienciapolitica\/files\/2024\/03\/Grade-de-Horarios-PPGPCOL-5-400x315.jpg\" alt=\"\" width=\"770\" height=\"606\" srcset=\"https:\/\/wp.ufpel.edu.br\/ppgcienciapolitica\/files\/2024\/03\/Grade-de-Horarios-PPGPCOL-5-400x315.jpg 400w, https:\/\/wp.ufpel.edu.br\/ppgcienciapolitica\/files\/2024\/03\/Grade-de-Horarios-PPGPCOL-5-1024x806.jpg 1024w, https:\/\/wp.ufpel.edu.br\/ppgcienciapolitica\/files\/2024\/03\/Grade-de-Horarios-PPGPCOL-5-768x604.jpg 768w, https:\/\/wp.ufpel.edu.br\/ppgcienciapolitica\/files\/2024\/03\/Grade-de-Horarios-PPGPCOL-5-1536x1208.jpg 1536w, https:\/\/wp.ufpel.edu.br\/ppgcienciapolitica\/files\/2024\/03\/Grade-de-Horarios-PPGPCOL-5-2048x1611.jpg 2048w\" sizes=\"(max-width: 770px) 100vw, 770px\" \/><\/a><\/p>\n","protected":false},"excerpt":{"rendered":"<p>Compartilhamos a agenda de eventos do PPGCPol programados para 2024\/I, que comp\u00f5em o Ciclo de Debates 2024 do PPGCPol. As atividades s\u00e3o abertas a toda a comunidade e n\u00e3o \u00e9 necess\u00e1rio realizar inscri\u00e7\u00e3o pr\u00e9via. Ao final do Ciclo de Debates 2024 ser\u00e1 emitido certificado (extens\u00e3o), conforme presen\u00e7a.<\/p>\n","protected":false},"author":555,"featured_media":0,"comment_status":"closed","ping_status":"closed","sticky":false,"template":"","format":"standard","meta":{"_jetpack_memberships_contains_paid_content":false,"footnotes":""},"categories":[12],"tags":[],"class_list":["post-4434","post","type-post","status-publish","format-standard","hentry","category-sem-categoria-pt"],"jetpack_featured_media_url":"","jetpack_sharing_enabled":true,"_links":{"self":[{"href":"https:\/\/wp.ufpel.edu.br\/ppgcienciapolitica\/wp-json\/wp\/v2\/posts\/4434","targetHints":{"allow":["GET"]}}],"collection":[{"href":"https:\/\/wp.ufpel.edu.br\/ppgcienciapolitica\/wp-json\/wp\/v2\/posts"}],"about":[{"href":"https:\/\/wp.ufpel.edu.br\/ppgcienciapolitica\/wp-json\/wp\/v2\/types\/post"}],"author":[{"embeddable":true,"href":"https:\/\/wp.ufpel.edu.br\/ppgcienciapolitica\/wp-json\/wp\/v2\/users\/555"}],"replies":[{"embeddable":true,"href":"https:\/\/wp.ufpel.edu.br\/ppgcienciapolitica\/wp-json\/wp\/v2\/comments?post=4434"}],"version-history":[{"count":8,"href":"https:\/\/wp.ufpel.edu.br\/ppgcienciapolitica\/wp-json\/wp\/v2\/posts\/4434\/revisions"}],"predecessor-version":[{"id":4482,"href":"https:\/\/wp.ufpel.edu.br\/ppgcienciapolitica\/wp-json\/wp\/v2\/posts\/4434\/revisions\/4482"}],"wp:attachment":[{"href":"https:\/\/wp.ufpel.edu.br\/ppgcienciapolitica\/wp-json\/wp\/v2\/media?parent=4434"}],"wp:term":[{"taxonomy":"category","embeddable":true,"href":"https:\/\/wp.ufpel.edu.br\/ppgcienciapolitica\/wp-json\/wp\/v2\/categories?post=4434"},{"taxonomy":"post_tag","embeddable":true,"href":"https:\/\/wp.ufpel.edu.br\/ppgcienciapolitica\/wp-json\/wp\/v2\/tags?post=4434"}],"curies":[{"name":"wp","href":"https:\/\/api.w.org\/{rel}","templated":true}]}}