{"id":4425,"date":"2024-02-28T20:24:42","date_gmt":"2024-02-28T23:24:42","guid":{"rendered":"https:\/\/wp.ufpel.edu.br\/ppgcienciapolitica\/?p=4425"},"modified":"2024-03-01T21:45:39","modified_gmt":"2024-03-02T00:45:39","slug":"resultado-selecao-de-estudante-especial-2024-i","status":"publish","type":"post","link":"https:\/\/wp.ufpel.edu.br\/ppgcienciapolitica\/resultado-selecao-de-estudante-especial-2024-i\/","title":{"rendered":"Resultado \u2013 Sele\u00e7\u00e3o de Estudante Especial (2024\/I)"},"content":{"rendered":"<p>Est\u00e1 dispon\u00edvel o <a href=\"https:\/\/wp.ufpel.edu.br\/ppgcienciapolitica\/files\/2024\/02\/Resultado-Estudante-Especial-2024_1.pdf\">resultado da Sele\u00e7\u00e3o de Estudante Especial (2024\/1)<\/a> para disciplinas optativas do PPGCPol.<\/p>\n<p>Solicitamos aten\u00e7\u00e3o \u00e0 orienta\u00e7\u00e3o, que consta no documento, sobre a efetiva\u00e7\u00e3o da matr\u00edcula.<\/p>\n<p><a style=\"font-family: var(--fonte-corpo);\" href=\"https:\/\/wp.ufpel.edu.br\/ppgcienciapolitica\/files\/2024\/02\/Resultado-Estudante-Especial-2024_1-2.pdf\">ERRATA EDITAL N. 20\/2024\u00a0(Estudante Especial 2024\/I)<\/a><\/p>\n","protected":false},"excerpt":{"rendered":"<p>Est\u00e1 dispon\u00edvel o resultado da Sele\u00e7\u00e3o de Estudante Especial (2024\/1) para disciplinas optativas do PPGCPol. Solicitamos aten\u00e7\u00e3o \u00e0 orienta\u00e7\u00e3o, que consta no documento, sobre a efetiva\u00e7\u00e3o da matr\u00edcula. ERRATA EDITAL N. 20\/2024\u00a0(Estudante Especial 2024\/I)<\/p>\n","protected":false},"author":555,"featured_media":0,"comment_status":"closed","ping_status":"closed","sticky":false,"template":"","format":"standard","meta":{"_jetpack_memberships_contains_paid_content":false,"footnotes":""},"categories":[12],"tags":[],"class_list":["post-4425","post","type-post","status-publish","format-standard","hentry","category-sem-categoria-pt"],"jetpack_featured_media_url":"","jetpack_sharing_enabled":true,"_links":{"self":[{"href":"https:\/\/wp.ufpel.edu.br\/ppgcienciapolitica\/wp-json\/wp\/v2\/posts\/4425","targetHints":{"allow":["GET"]}}],"collection":[{"href":"https:\/\/wp.ufpel.edu.br\/ppgcienciapolitica\/wp-json\/wp\/v2\/posts"}],"about":[{"href":"https:\/\/wp.ufpel.edu.br\/ppgcienciapolitica\/wp-json\/wp\/v2\/types\/post"}],"author":[{"embeddable":true,"href":"https:\/\/wp.ufpel.edu.br\/ppgcienciapolitica\/wp-json\/wp\/v2\/users\/555"}],"replies":[{"embeddable":true,"href":"https:\/\/wp.ufpel.edu.br\/ppgcienciapolitica\/wp-json\/wp\/v2\/comments?post=4425"}],"version-history":[{"count":5,"href":"https:\/\/wp.ufpel.edu.br\/ppgcienciapolitica\/wp-json\/wp\/v2\/posts\/4425\/revisions"}],"predecessor-version":[{"id":4433,"href":"https:\/\/wp.ufpel.edu.br\/ppgcienciapolitica\/wp-json\/wp\/v2\/posts\/4425\/revisions\/4433"}],"wp:attachment":[{"href":"https:\/\/wp.ufpel.edu.br\/ppgcienciapolitica\/wp-json\/wp\/v2\/media?parent=4425"}],"wp:term":[{"taxonomy":"category","embeddable":true,"href":"https:\/\/wp.ufpel.edu.br\/ppgcienciapolitica\/wp-json\/wp\/v2\/categories?post=4425"},{"taxonomy":"post_tag","embeddable":true,"href":"https:\/\/wp.ufpel.edu.br\/ppgcienciapolitica\/wp-json\/wp\/v2\/tags?post=4425"}],"curies":[{"name":"wp","href":"https:\/\/api.w.org\/{rel}","templated":true}]}}