{"id":4406,"date":"2024-02-19T13:32:43","date_gmt":"2024-02-19T16:32:43","guid":{"rendered":"https:\/\/wp.ufpel.edu.br\/ppgcienciapolitica\/?p=4406"},"modified":"2024-02-19T13:32:43","modified_gmt":"2024-02-19T16:32:43","slug":"edital-selecao-de-estudante-especial-2024-i","status":"publish","type":"post","link":"https:\/\/wp.ufpel.edu.br\/ppgcienciapolitica\/edital-selecao-de-estudante-especial-2024-i\/","title":{"rendered":"Edital &#8211; Sele\u00e7\u00e3o de Estudante Especial (2024\/I)"},"content":{"rendered":"<p>O PPGCPol divulga Edital para sele\u00e7\u00e3o de estudante especial para cursar disciplinas optativas em 2024\/I.<\/p>\n<p>As inscri\u00e7\u00f5es ser\u00e3o recebidas nos dias 26 e 27 de fevereiro.<\/p>\n<p>Acesse o <a href=\"https:\/\/wp.ufpel.edu.br\/ppgcienciapolitica\/files\/2024\/02\/SEI_UFPel-2521589-Edital-de-selecao-PRPPG.pdf\">Edital n. 20\/2024<\/a> para mais informa\u00e7\u00f5es!<\/p>\n","protected":false},"excerpt":{"rendered":"<p>O PPGCPol divulga Edital para sele\u00e7\u00e3o de estudante especial para cursar disciplinas optativas em 2024\/I. As inscri\u00e7\u00f5es ser\u00e3o recebidas nos dias 26 e 27 de fevereiro. Acesse o Edital n. 20\/2024 para mais informa\u00e7\u00f5es!<\/p>\n","protected":false},"author":555,"featured_media":0,"comment_status":"closed","ping_status":"closed","sticky":false,"template":"","format":"standard","meta":{"_jetpack_memberships_contains_paid_content":false,"footnotes":""},"categories":[12],"tags":[],"class_list":["post-4406","post","type-post","status-publish","format-standard","hentry","category-sem-categoria-pt"],"jetpack_featured_media_url":"","jetpack_sharing_enabled":true,"_links":{"self":[{"href":"https:\/\/wp.ufpel.edu.br\/ppgcienciapolitica\/wp-json\/wp\/v2\/posts\/4406","targetHints":{"allow":["GET"]}}],"collection":[{"href":"https:\/\/wp.ufpel.edu.br\/ppgcienciapolitica\/wp-json\/wp\/v2\/posts"}],"about":[{"href":"https:\/\/wp.ufpel.edu.br\/ppgcienciapolitica\/wp-json\/wp\/v2\/types\/post"}],"author":[{"embeddable":true,"href":"https:\/\/wp.ufpel.edu.br\/ppgcienciapolitica\/wp-json\/wp\/v2\/users\/555"}],"replies":[{"embeddable":true,"href":"https:\/\/wp.ufpel.edu.br\/ppgcienciapolitica\/wp-json\/wp\/v2\/comments?post=4406"}],"version-history":[{"count":1,"href":"https:\/\/wp.ufpel.edu.br\/ppgcienciapolitica\/wp-json\/wp\/v2\/posts\/4406\/revisions"}],"predecessor-version":[{"id":4408,"href":"https:\/\/wp.ufpel.edu.br\/ppgcienciapolitica\/wp-json\/wp\/v2\/posts\/4406\/revisions\/4408"}],"wp:attachment":[{"href":"https:\/\/wp.ufpel.edu.br\/ppgcienciapolitica\/wp-json\/wp\/v2\/media?parent=4406"}],"wp:term":[{"taxonomy":"category","embeddable":true,"href":"https:\/\/wp.ufpel.edu.br\/ppgcienciapolitica\/wp-json\/wp\/v2\/categories?post=4406"},{"taxonomy":"post_tag","embeddable":true,"href":"https:\/\/wp.ufpel.edu.br\/ppgcienciapolitica\/wp-json\/wp\/v2\/tags?post=4406"}],"curies":[{"name":"wp","href":"https:\/\/api.w.org\/{rel}","templated":true}]}}