{"id":4360,"date":"2023-12-02T12:39:07","date_gmt":"2023-12-02T15:39:07","guid":{"rendered":"https:\/\/wp.ufpel.edu.br\/ppgcienciapolitica\/?p=4360"},"modified":"2023-12-02T12:42:58","modified_gmt":"2023-12-02T15:42:58","slug":"ppgcpol-e-destaque-no-xxv-enpos","status":"publish","type":"post","link":"https:\/\/wp.ufpel.edu.br\/ppgcienciapolitica\/ppgcpol-e-destaque-no-xxv-enpos\/","title":{"rendered":"PPGCPol \u00e9 destaque no XXV Enpos"},"content":{"rendered":"<p>O PPGCPol teve tr\u00eas trabalhos destacados no \u00e2mbito do XXV Enpos, fruto de pesquisas de nossas mestranda\/mestres: o de Beatriz Franco Pereira do Vale intitulado &#8220;A apropria\u00e7\u00e3o de s\u00edmbolos nacionais pelo bolsonarismo: resultados de uma disserta\u00e7\u00e3o de mestrado&#8221; e orientado pela profa. Bianca Linhares; o de Amanda da Luz Perachi intitulado &#8220;BRICS e o multilateralismo: a reforma do Conselho de Seguran\u00e7a da ONU&#8221; e orientado pelo prof. William Daldegan; e o de Kelen de Morais Cerqueira intitulado &#8220;Difus\u00e3o internacional de pr\u00e1ticas integrativas e complementares em sa\u00fade: desafios na implementa\u00e7\u00e3o na aten\u00e7\u00e3o prim\u00e1ria \u00e0 sa\u00fade no Brasil e no Rio Grande do Sul&#8221; e orientado pela profa. Silvana Schimanski. Felicitamos e parabenizamos as discentes e docentes pelos destaques concedidos que muito orgulharam nosso programa!<\/p>\n<p>Confira os destaques deste ano: https:\/\/wp.ufpel.edu.br\/enpos\/category\/noticias\/2023\/<\/p>\n<p>&nbsp;<\/p>\n","protected":false},"excerpt":{"rendered":"<p>O PPGCPol teve tr\u00eas trabalhos destacados no \u00e2mbito do XXV Enpos, fruto de pesquisas de nossas mestranda\/mestres: o de Beatriz Franco Pereira do Vale intitulado &#8220;A apropria\u00e7\u00e3o de s\u00edmbolos nacionais pelo bolsonarismo: resultados de uma disserta\u00e7\u00e3o de mestrado&#8221; e orientado pela profa. Bianca Linhares; o de Amanda da Luz Perachi intitulado &#8220;BRICS e o multilateralismo: [&hellip;]<\/p>\n","protected":false},"author":555,"featured_media":0,"comment_status":"closed","ping_status":"closed","sticky":false,"template":"","format":"standard","meta":{"_jetpack_memberships_contains_paid_content":false,"footnotes":""},"categories":[25],"tags":[],"class_list":["post-4360","post","type-post","status-publish","format-standard","hentry","category-noticias-pt"],"jetpack_featured_media_url":"","jetpack_sharing_enabled":true,"_links":{"self":[{"href":"https:\/\/wp.ufpel.edu.br\/ppgcienciapolitica\/wp-json\/wp\/v2\/posts\/4360","targetHints":{"allow":["GET"]}}],"collection":[{"href":"https:\/\/wp.ufpel.edu.br\/ppgcienciapolitica\/wp-json\/wp\/v2\/posts"}],"about":[{"href":"https:\/\/wp.ufpel.edu.br\/ppgcienciapolitica\/wp-json\/wp\/v2\/types\/post"}],"author":[{"embeddable":true,"href":"https:\/\/wp.ufpel.edu.br\/ppgcienciapolitica\/wp-json\/wp\/v2\/users\/555"}],"replies":[{"embeddable":true,"href":"https:\/\/wp.ufpel.edu.br\/ppgcienciapolitica\/wp-json\/wp\/v2\/comments?post=4360"}],"version-history":[{"count":2,"href":"https:\/\/wp.ufpel.edu.br\/ppgcienciapolitica\/wp-json\/wp\/v2\/posts\/4360\/revisions"}],"predecessor-version":[{"id":4363,"href":"https:\/\/wp.ufpel.edu.br\/ppgcienciapolitica\/wp-json\/wp\/v2\/posts\/4360\/revisions\/4363"}],"wp:attachment":[{"href":"https:\/\/wp.ufpel.edu.br\/ppgcienciapolitica\/wp-json\/wp\/v2\/media?parent=4360"}],"wp:term":[{"taxonomy":"category","embeddable":true,"href":"https:\/\/wp.ufpel.edu.br\/ppgcienciapolitica\/wp-json\/wp\/v2\/categories?post=4360"},{"taxonomy":"post_tag","embeddable":true,"href":"https:\/\/wp.ufpel.edu.br\/ppgcienciapolitica\/wp-json\/wp\/v2\/tags?post=4360"}],"curies":[{"name":"wp","href":"https:\/\/api.w.org\/{rel}","templated":true}]}}