{"id":4336,"date":"2023-11-17T14:06:54","date_gmt":"2023-11-17T17:06:54","guid":{"rendered":"https:\/\/wp.ufpel.edu.br\/ppgcienciapolitica\/?p=4336"},"modified":"2023-11-17T14:06:54","modified_gmt":"2023-11-17T17:06:54","slug":"edital-de-selecao-interna-ppgcpol-pdse","status":"publish","type":"post","link":"https:\/\/wp.ufpel.edu.br\/ppgcienciapolitica\/edital-de-selecao-interna-ppgcpol-pdse\/","title":{"rendered":"Edital de sele\u00e7\u00e3o interna PPGCPol PDSE"},"content":{"rendered":"<p>Aberto o per\u00edodo para as inscri\u00e7\u00f5es para sele\u00e7\u00e3o interna do PPGCPol de candidatos\/as ao PDSE\/CAPES 2023.<\/p>\n<p>Confira o edital aqui:\u00a0<a href=\"https:\/\/wp.ufpel.edu.br\/ppgcienciapolitica\/files\/2023\/11\/SEI_UFPel-2427013-Edital-de-selecao-PDSE.pdf\">SEI_UFPel &#8211; 2427013 &#8211; Edital de sele\u00e7\u00e3o PDSE<\/a><\/p>\n","protected":false},"excerpt":{"rendered":"<p>Aberto o per\u00edodo para as inscri\u00e7\u00f5es para sele\u00e7\u00e3o interna do PPGCPol de candidatos\/as ao PDSE\/CAPES 2023. Confira o edital aqui:\u00a0SEI_UFPel &#8211; 2427013 &#8211; Edital de sele\u00e7\u00e3o PDSE<\/p>\n","protected":false},"author":555,"featured_media":0,"comment_status":"closed","ping_status":"closed","sticky":false,"template":"","format":"standard","meta":{"_jetpack_memberships_contains_paid_content":false,"footnotes":""},"categories":[98],"tags":[],"class_list":["post-4336","post","type-post","status-publish","format-standard","hentry","category-selecoes"],"jetpack_featured_media_url":"","jetpack_sharing_enabled":true,"_links":{"self":[{"href":"https:\/\/wp.ufpel.edu.br\/ppgcienciapolitica\/wp-json\/wp\/v2\/posts\/4336","targetHints":{"allow":["GET"]}}],"collection":[{"href":"https:\/\/wp.ufpel.edu.br\/ppgcienciapolitica\/wp-json\/wp\/v2\/posts"}],"about":[{"href":"https:\/\/wp.ufpel.edu.br\/ppgcienciapolitica\/wp-json\/wp\/v2\/types\/post"}],"author":[{"embeddable":true,"href":"https:\/\/wp.ufpel.edu.br\/ppgcienciapolitica\/wp-json\/wp\/v2\/users\/555"}],"replies":[{"embeddable":true,"href":"https:\/\/wp.ufpel.edu.br\/ppgcienciapolitica\/wp-json\/wp\/v2\/comments?post=4336"}],"version-history":[{"count":1,"href":"https:\/\/wp.ufpel.edu.br\/ppgcienciapolitica\/wp-json\/wp\/v2\/posts\/4336\/revisions"}],"predecessor-version":[{"id":4338,"href":"https:\/\/wp.ufpel.edu.br\/ppgcienciapolitica\/wp-json\/wp\/v2\/posts\/4336\/revisions\/4338"}],"wp:attachment":[{"href":"https:\/\/wp.ufpel.edu.br\/ppgcienciapolitica\/wp-json\/wp\/v2\/media?parent=4336"}],"wp:term":[{"taxonomy":"category","embeddable":true,"href":"https:\/\/wp.ufpel.edu.br\/ppgcienciapolitica\/wp-json\/wp\/v2\/categories?post=4336"},{"taxonomy":"post_tag","embeddable":true,"href":"https:\/\/wp.ufpel.edu.br\/ppgcienciapolitica\/wp-json\/wp\/v2\/tags?post=4336"}],"curies":[{"name":"wp","href":"https:\/\/api.w.org\/{rel}","templated":true}]}}