{"id":4307,"date":"2023-11-13T15:11:32","date_gmt":"2023-11-13T18:11:32","guid":{"rendered":"https:\/\/wp.ufpel.edu.br\/ppgcienciapolitica\/?p=4307"},"modified":"2023-11-13T15:13:51","modified_gmt":"2023-11-13T18:13:51","slug":"processos-seletivos-para-as-turmas-de-2024","status":"publish","type":"post","link":"https:\/\/wp.ufpel.edu.br\/ppgcienciapolitica\/processos-seletivos-para-as-turmas-de-2024\/","title":{"rendered":"Processos seletivos para as turmas de Mestrado e Doutorado 2024"},"content":{"rendered":"<div class=\"gmail_default\">Informamos que os editais dos processos seletivos para as pr\u00f3ximas turmas de Mestrado e Doutorado do PPGCPol ser\u00e3o\u00a0publicados no primeiro\u00a0semestre de 2024, com ingresso e in\u00edcio de atividades previstos para agosto de 2024.<\/div>\n<div><\/div>\n<div style=\"text-align: right;\">A Coordena\u00e7\u00e3o.<\/div>\n<div class=\"gmail_default\"><\/div>\n","protected":false},"excerpt":{"rendered":"<p>Informamos que os editais dos processos seletivos para as pr\u00f3ximas turmas de Mestrado e Doutorado do PPGCPol ser\u00e3o\u00a0publicados no primeiro\u00a0semestre de 2024, com ingresso e in\u00edcio de atividades previstos para agosto de 2024. A Coordena\u00e7\u00e3o.<\/p>\n","protected":false},"author":555,"featured_media":0,"comment_status":"closed","ping_status":"closed","sticky":false,"template":"","format":"standard","meta":{"_jetpack_memberships_contains_paid_content":false,"footnotes":""},"categories":[98],"tags":[],"class_list":["post-4307","post","type-post","status-publish","format-standard","hentry","category-selecoes"],"jetpack_featured_media_url":"","jetpack_sharing_enabled":true,"_links":{"self":[{"href":"https:\/\/wp.ufpel.edu.br\/ppgcienciapolitica\/wp-json\/wp\/v2\/posts\/4307","targetHints":{"allow":["GET"]}}],"collection":[{"href":"https:\/\/wp.ufpel.edu.br\/ppgcienciapolitica\/wp-json\/wp\/v2\/posts"}],"about":[{"href":"https:\/\/wp.ufpel.edu.br\/ppgcienciapolitica\/wp-json\/wp\/v2\/types\/post"}],"author":[{"embeddable":true,"href":"https:\/\/wp.ufpel.edu.br\/ppgcienciapolitica\/wp-json\/wp\/v2\/users\/555"}],"replies":[{"embeddable":true,"href":"https:\/\/wp.ufpel.edu.br\/ppgcienciapolitica\/wp-json\/wp\/v2\/comments?post=4307"}],"version-history":[{"count":3,"href":"https:\/\/wp.ufpel.edu.br\/ppgcienciapolitica\/wp-json\/wp\/v2\/posts\/4307\/revisions"}],"predecessor-version":[{"id":4311,"href":"https:\/\/wp.ufpel.edu.br\/ppgcienciapolitica\/wp-json\/wp\/v2\/posts\/4307\/revisions\/4311"}],"wp:attachment":[{"href":"https:\/\/wp.ufpel.edu.br\/ppgcienciapolitica\/wp-json\/wp\/v2\/media?parent=4307"}],"wp:term":[{"taxonomy":"category","embeddable":true,"href":"https:\/\/wp.ufpel.edu.br\/ppgcienciapolitica\/wp-json\/wp\/v2\/categories?post=4307"},{"taxonomy":"post_tag","embeddable":true,"href":"https:\/\/wp.ufpel.edu.br\/ppgcienciapolitica\/wp-json\/wp\/v2\/tags?post=4307"}],"curies":[{"name":"wp","href":"https:\/\/api.w.org\/{rel}","templated":true}]}}