{"id":4281,"date":"2023-08-17T20:21:54","date_gmt":"2023-08-17T23:21:54","guid":{"rendered":"https:\/\/wp.ufpel.edu.br\/ppgcienciapolitica\/?p=4281"},"modified":"2023-08-17T20:21:54","modified_gmt":"2023-08-17T23:21:54","slug":"ppgcpol-convida-para-o-i-sdcp","status":"publish","type":"post","link":"https:\/\/wp.ufpel.edu.br\/ppgcienciapolitica\/ppgcpol-convida-para-o-i-sdcp\/","title":{"rendered":"PPGCPol convida para o I SDCP"},"content":{"rendered":"<p>O Programa de P\u00f3s-Gradua\u00e7\u00e3o em Ci\u00eancia Pol\u00edtica (PPGCPol) da Universidade Federal de Pelotas (UFPel) convida a comunidade acad\u00eamica e externa para participar do I Semin\u00e1rio Discente em Ci\u00eancia Pol\u00edtica (I SDCP), a ser realizado presencialmente nos dias 30 e 31 de agosto e 01 de setembro de 2023, nas depend\u00eancias do Centro de P\u00f3s-Gradua\u00e7\u00e3o e Pesquisas em Ci\u00eancias Humanas, Sociais, Sociais Aplicadas, Artes e Linguagem (CEHUS). A programa\u00e7\u00e3o conta com sete Grupos de Trabalho, tr\u00eas Confer\u00eancias magistrais e quatro Mesas-redondas. Atrav\u00e9s da promo\u00e7\u00e3o desse conjunto diversificado de atividades, pretende-se demonstrar e divulgar a import\u00e2ncia da Ci\u00eancia Pol\u00edtica para a interpreta\u00e7\u00e3o e interven\u00e7\u00e3o no mundo pol\u00edtico e social. As inscri\u00e7\u00f5es ocorrer\u00e3o tamb\u00e9m ao longo do o evento. Para maiores informa\u00e7\u00f5es, acesse: <a href=\"https:\/\/wp.ufpel.edu.br\/sd2ppgcpol\/\" target=\"_blank\" rel=\"noopener\">https:\/\/wp.ufpel.edu.br\/sd2ppgcpol\/<\/a><\/p>\n","protected":false},"excerpt":{"rendered":"<p>O Programa de P\u00f3s-Gradua\u00e7\u00e3o em Ci\u00eancia Pol\u00edtica (PPGCPol) da Universidade Federal de Pelotas (UFPel) convida a comunidade acad\u00eamica e externa para participar do I Semin\u00e1rio Discente em Ci\u00eancia Pol\u00edtica (I SDCP), a ser realizado presencialmente nos dias 30 e 31 de agosto e 01 de setembro de 2023, nas depend\u00eancias do Centro de P\u00f3s-Gradua\u00e7\u00e3o e [&hellip;]<\/p>\n","protected":false},"author":555,"featured_media":0,"comment_status":"closed","ping_status":"closed","sticky":false,"template":"","format":"standard","meta":{"_jetpack_memberships_contains_paid_content":false,"footnotes":""},"categories":[101],"tags":[],"class_list":["post-4281","post","type-post","status-publish","format-standard","hentry","category-eventos"],"jetpack_featured_media_url":"","jetpack_sharing_enabled":true,"_links":{"self":[{"href":"https:\/\/wp.ufpel.edu.br\/ppgcienciapolitica\/wp-json\/wp\/v2\/posts\/4281","targetHints":{"allow":["GET"]}}],"collection":[{"href":"https:\/\/wp.ufpel.edu.br\/ppgcienciapolitica\/wp-json\/wp\/v2\/posts"}],"about":[{"href":"https:\/\/wp.ufpel.edu.br\/ppgcienciapolitica\/wp-json\/wp\/v2\/types\/post"}],"author":[{"embeddable":true,"href":"https:\/\/wp.ufpel.edu.br\/ppgcienciapolitica\/wp-json\/wp\/v2\/users\/555"}],"replies":[{"embeddable":true,"href":"https:\/\/wp.ufpel.edu.br\/ppgcienciapolitica\/wp-json\/wp\/v2\/comments?post=4281"}],"version-history":[{"count":2,"href":"https:\/\/wp.ufpel.edu.br\/ppgcienciapolitica\/wp-json\/wp\/v2\/posts\/4281\/revisions"}],"predecessor-version":[{"id":4283,"href":"https:\/\/wp.ufpel.edu.br\/ppgcienciapolitica\/wp-json\/wp\/v2\/posts\/4281\/revisions\/4283"}],"wp:attachment":[{"href":"https:\/\/wp.ufpel.edu.br\/ppgcienciapolitica\/wp-json\/wp\/v2\/media?parent=4281"}],"wp:term":[{"taxonomy":"category","embeddable":true,"href":"https:\/\/wp.ufpel.edu.br\/ppgcienciapolitica\/wp-json\/wp\/v2\/categories?post=4281"},{"taxonomy":"post_tag","embeddable":true,"href":"https:\/\/wp.ufpel.edu.br\/ppgcienciapolitica\/wp-json\/wp\/v2\/tags?post=4281"}],"curies":[{"name":"wp","href":"https:\/\/api.w.org\/{rel}","templated":true}]}}