{"id":4213,"date":"2023-07-26T12:48:12","date_gmt":"2023-07-26T15:48:12","guid":{"rendered":"https:\/\/wp.ufpel.edu.br\/ppgcienciapolitica\/?p=4213"},"modified":"2023-07-26T12:51:30","modified_gmt":"2023-07-26T15:51:30","slug":"edital-estudante-especial-ppgcpol-2023-2","status":"publish","type":"post","link":"https:\/\/wp.ufpel.edu.br\/ppgcienciapolitica\/edital-estudante-especial-ppgcpol-2023-2\/","title":{"rendered":"Edital Estudante Especial PPGCPol 2023\/2"},"content":{"rendered":"<p>Confira as informa\u00e7\u00f5es para inscri\u00e7\u00e3o como Estudante Especial no PPGCPol\/UFPel em 2023\/2:<\/p>\n<p><a href=\"https:\/\/wp.ufpel.edu.br\/ppgcienciapolitica\/files\/2023\/07\/SEI_UFPel-2271216-Edital-de-selecao-PRPPG.pdf\">SEI_UFPel &#8211; 2271216 &#8211; Edital de sele\u00e7\u00e3o PRPPG<\/a><\/p>\n","protected":false},"excerpt":{"rendered":"<p>Confira as informa\u00e7\u00f5es para inscri\u00e7\u00e3o como Estudante Especial no PPGCPol\/UFPel em 2023\/2: SEI_UFPel &#8211; 2271216 &#8211; Edital de sele\u00e7\u00e3o PRPPG<\/p>\n","protected":false},"author":555,"featured_media":0,"comment_status":"closed","ping_status":"closed","sticky":false,"template":"","format":"standard","meta":{"_jetpack_memberships_contains_paid_content":false,"footnotes":""},"categories":[98],"tags":[],"class_list":["post-4213","post","type-post","status-publish","format-standard","hentry","category-selecoes"],"jetpack_featured_media_url":"","jetpack_sharing_enabled":true,"_links":{"self":[{"href":"https:\/\/wp.ufpel.edu.br\/ppgcienciapolitica\/wp-json\/wp\/v2\/posts\/4213","targetHints":{"allow":["GET"]}}],"collection":[{"href":"https:\/\/wp.ufpel.edu.br\/ppgcienciapolitica\/wp-json\/wp\/v2\/posts"}],"about":[{"href":"https:\/\/wp.ufpel.edu.br\/ppgcienciapolitica\/wp-json\/wp\/v2\/types\/post"}],"author":[{"embeddable":true,"href":"https:\/\/wp.ufpel.edu.br\/ppgcienciapolitica\/wp-json\/wp\/v2\/users\/555"}],"replies":[{"embeddable":true,"href":"https:\/\/wp.ufpel.edu.br\/ppgcienciapolitica\/wp-json\/wp\/v2\/comments?post=4213"}],"version-history":[{"count":5,"href":"https:\/\/wp.ufpel.edu.br\/ppgcienciapolitica\/wp-json\/wp\/v2\/posts\/4213\/revisions"}],"predecessor-version":[{"id":4219,"href":"https:\/\/wp.ufpel.edu.br\/ppgcienciapolitica\/wp-json\/wp\/v2\/posts\/4213\/revisions\/4219"}],"wp:attachment":[{"href":"https:\/\/wp.ufpel.edu.br\/ppgcienciapolitica\/wp-json\/wp\/v2\/media?parent=4213"}],"wp:term":[{"taxonomy":"category","embeddable":true,"href":"https:\/\/wp.ufpel.edu.br\/ppgcienciapolitica\/wp-json\/wp\/v2\/categories?post=4213"},{"taxonomy":"post_tag","embeddable":true,"href":"https:\/\/wp.ufpel.edu.br\/ppgcienciapolitica\/wp-json\/wp\/v2\/tags?post=4213"}],"curies":[{"name":"wp","href":"https:\/\/api.w.org\/{rel}","templated":true}]}}