{"id":4191,"date":"2023-07-10T12:49:38","date_gmt":"2023-07-10T15:49:38","guid":{"rendered":"https:\/\/wp.ufpel.edu.br\/ppgcienciapolitica\/?p=4191"},"modified":"2023-07-10T12:49:38","modified_gmt":"2023-07-10T15:49:38","slug":"selecao-para-doutorado-no-ppgcpol","status":"publish","type":"post","link":"https:\/\/wp.ufpel.edu.br\/ppgcienciapolitica\/selecao-para-doutorado-no-ppgcpol\/","title":{"rendered":"Sele\u00e7\u00e3o para Doutorado no PPGCPol"},"content":{"rendered":"<p>Em breve, o PPGCPol lan\u00e7ar\u00e1 o edital para sele\u00e7\u00e3o suplementar de Doutorado. O processo ser\u00e1 totalmente on-line e h\u00e1 disponibilidade de bolsas. Aguarde novas informa\u00e7\u00f5es pelo nosso site e redes sociais.<\/p>\n<p><a href=\"https:\/\/wp.ufpel.edu.br\/ppgcienciapolitica\/files\/2023\/07\/Selecao-para-turma-suplementar-.jpg\"><img class=\"alignnone size-medium wp-image-4192\" src=\"https:\/\/wp.ufpel.edu.br\/ppgcienciapolitica\/files\/2023\/07\/Selecao-para-turma-suplementar--283x400.jpg\" alt=\"\" width=\"283\" height=\"400\" srcset=\"https:\/\/wp.ufpel.edu.br\/ppgcienciapolitica\/files\/2023\/07\/Selecao-para-turma-suplementar--283x400.jpg 283w, https:\/\/wp.ufpel.edu.br\/ppgcienciapolitica\/files\/2023\/07\/Selecao-para-turma-suplementar--724x1024.jpg 724w, https:\/\/wp.ufpel.edu.br\/ppgcienciapolitica\/files\/2023\/07\/Selecao-para-turma-suplementar--768x1086.jpg 768w, https:\/\/wp.ufpel.edu.br\/ppgcienciapolitica\/files\/2023\/07\/Selecao-para-turma-suplementar--1086x1536.jpg 1086w, https:\/\/wp.ufpel.edu.br\/ppgcienciapolitica\/files\/2023\/07\/Selecao-para-turma-suplementar--1448x2048.jpg 1448w, https:\/\/wp.ufpel.edu.br\/ppgcienciapolitica\/files\/2023\/07\/Selecao-para-turma-suplementar-.jpg 1587w\" sizes=\"(max-width: 283px) 100vw, 283px\" \/><\/a><\/p>\n","protected":false},"excerpt":{"rendered":"<p>Em breve, o PPGCPol lan\u00e7ar\u00e1 o edital para sele\u00e7\u00e3o suplementar de Doutorado. O processo ser\u00e1 totalmente on-line e h\u00e1 disponibilidade de bolsas. Aguarde novas informa\u00e7\u00f5es pelo nosso site e redes sociais.<\/p>\n","protected":false},"author":555,"featured_media":0,"comment_status":"closed","ping_status":"closed","sticky":false,"template":"","format":"standard","meta":{"_jetpack_memberships_contains_paid_content":false,"footnotes":""},"categories":[12],"tags":[],"class_list":["post-4191","post","type-post","status-publish","format-standard","hentry","category-sem-categoria-pt"],"jetpack_featured_media_url":"","jetpack_sharing_enabled":true,"_links":{"self":[{"href":"https:\/\/wp.ufpel.edu.br\/ppgcienciapolitica\/wp-json\/wp\/v2\/posts\/4191","targetHints":{"allow":["GET"]}}],"collection":[{"href":"https:\/\/wp.ufpel.edu.br\/ppgcienciapolitica\/wp-json\/wp\/v2\/posts"}],"about":[{"href":"https:\/\/wp.ufpel.edu.br\/ppgcienciapolitica\/wp-json\/wp\/v2\/types\/post"}],"author":[{"embeddable":true,"href":"https:\/\/wp.ufpel.edu.br\/ppgcienciapolitica\/wp-json\/wp\/v2\/users\/555"}],"replies":[{"embeddable":true,"href":"https:\/\/wp.ufpel.edu.br\/ppgcienciapolitica\/wp-json\/wp\/v2\/comments?post=4191"}],"version-history":[{"count":1,"href":"https:\/\/wp.ufpel.edu.br\/ppgcienciapolitica\/wp-json\/wp\/v2\/posts\/4191\/revisions"}],"predecessor-version":[{"id":4193,"href":"https:\/\/wp.ufpel.edu.br\/ppgcienciapolitica\/wp-json\/wp\/v2\/posts\/4191\/revisions\/4193"}],"wp:attachment":[{"href":"https:\/\/wp.ufpel.edu.br\/ppgcienciapolitica\/wp-json\/wp\/v2\/media?parent=4191"}],"wp:term":[{"taxonomy":"category","embeddable":true,"href":"https:\/\/wp.ufpel.edu.br\/ppgcienciapolitica\/wp-json\/wp\/v2\/categories?post=4191"},{"taxonomy":"post_tag","embeddable":true,"href":"https:\/\/wp.ufpel.edu.br\/ppgcienciapolitica\/wp-json\/wp\/v2\/tags?post=4191"}],"curies":[{"name":"wp","href":"https:\/\/api.w.org\/{rel}","templated":true}]}}