{"id":4025,"date":"2023-02-16T17:27:53","date_gmt":"2023-02-16T20:27:53","guid":{"rendered":"https:\/\/wp.ufpel.edu.br\/ppgcienciapolitica\/?p=4025"},"modified":"2023-02-16T18:00:08","modified_gmt":"2023-02-16T21:00:08","slug":"edital-bolsa-carrefour","status":"publish","type":"post","link":"https:\/\/wp.ufpel.edu.br\/ppgcienciapolitica\/edital-bolsa-carrefour\/","title":{"rendered":"Edital interno bolsa Carrefour"},"content":{"rendered":"<p>O PPGCPol foi contemplado com uma bolsa de mestrado do edital do Carrefour, voltado para estudantes negros\/as. Confira nosso edital para sele\u00e7\u00e3o interna do PPGCPol:<\/p>\n<p><a href=\"https:\/\/wp.ufpel.edu.br\/ppgcienciapolitica\/files\/2023\/02\/SEI_UFPel-2053492-Edital-de-selecao-PRPPG.pdf\">SEI_UFPel &#8211; 2053492 &#8211; Edital de sele\u00e7\u00e3o PRPPG<\/a><\/p>\n<p><a href=\"https:\/\/wp.ufpel.edu.br\/ppgcienciapolitica\/files\/2023\/02\/Edital_Carrefour_anexos_I.pdf\">Formul\u00e1rio de inscri\u00e7\u00e3o<\/a><\/p>\n<p><a href=\"https:\/\/wp.ufpel.edu.br\/ppgcienciapolitica\/files\/2023\/02\/EDITAL_CARREFOUR_ETNIA_anexos_III.pdf\">Declara\u00e7\u00e3o de etnia<\/a><\/p>\n<p><a href=\"https:\/\/wp.ufpel.edu.br\/ppgcienciapolitica\/files\/2023\/02\/CARREFOUR____declaracao_vulnerabilidade_economica_pos_graduacao_2023.pdf\">Declara\u00e7\u00e3o de vulnerabilidade econ\u00f4mica<\/a><\/p>\n","protected":false},"excerpt":{"rendered":"<p>O PPGCPol foi contemplado com uma bolsa de mestrado do edital do Carrefour, voltado para estudantes negros\/as. Confira nosso edital para sele\u00e7\u00e3o interna do PPGCPol: SEI_UFPel &#8211; 2053492 &#8211; Edital de sele\u00e7\u00e3o PRPPG Formul\u00e1rio de inscri\u00e7\u00e3o Declara\u00e7\u00e3o de etnia Declara\u00e7\u00e3o de vulnerabilidade econ\u00f4mica<\/p>\n","protected":false},"author":555,"featured_media":0,"comment_status":"closed","ping_status":"closed","sticky":false,"template":"","format":"standard","meta":{"_jetpack_memberships_contains_paid_content":false,"footnotes":""},"categories":[12],"tags":[],"class_list":["post-4025","post","type-post","status-publish","format-standard","hentry","category-sem-categoria-pt"],"jetpack_featured_media_url":"","jetpack_sharing_enabled":true,"_links":{"self":[{"href":"https:\/\/wp.ufpel.edu.br\/ppgcienciapolitica\/wp-json\/wp\/v2\/posts\/4025","targetHints":{"allow":["GET"]}}],"collection":[{"href":"https:\/\/wp.ufpel.edu.br\/ppgcienciapolitica\/wp-json\/wp\/v2\/posts"}],"about":[{"href":"https:\/\/wp.ufpel.edu.br\/ppgcienciapolitica\/wp-json\/wp\/v2\/types\/post"}],"author":[{"embeddable":true,"href":"https:\/\/wp.ufpel.edu.br\/ppgcienciapolitica\/wp-json\/wp\/v2\/users\/555"}],"replies":[{"embeddable":true,"href":"https:\/\/wp.ufpel.edu.br\/ppgcienciapolitica\/wp-json\/wp\/v2\/comments?post=4025"}],"version-history":[{"count":2,"href":"https:\/\/wp.ufpel.edu.br\/ppgcienciapolitica\/wp-json\/wp\/v2\/posts\/4025\/revisions"}],"predecessor-version":[{"id":4035,"href":"https:\/\/wp.ufpel.edu.br\/ppgcienciapolitica\/wp-json\/wp\/v2\/posts\/4025\/revisions\/4035"}],"wp:attachment":[{"href":"https:\/\/wp.ufpel.edu.br\/ppgcienciapolitica\/wp-json\/wp\/v2\/media?parent=4025"}],"wp:term":[{"taxonomy":"category","embeddable":true,"href":"https:\/\/wp.ufpel.edu.br\/ppgcienciapolitica\/wp-json\/wp\/v2\/categories?post=4025"},{"taxonomy":"post_tag","embeddable":true,"href":"https:\/\/wp.ufpel.edu.br\/ppgcienciapolitica\/wp-json\/wp\/v2\/tags?post=4025"}],"curies":[{"name":"wp","href":"https:\/\/api.w.org\/{rel}","templated":true}]}}