{"id":3866,"date":"2022-10-27T13:55:16","date_gmt":"2022-10-27T16:55:16","guid":{"rendered":"https:\/\/wp.ufpel.edu.br\/ppgcienciapolitica\/?p=3866"},"modified":"2022-10-27T13:57:26","modified_gmt":"2022-10-27T16:57:26","slug":"selecao-mestrado-e-doutorado-2023","status":"publish","type":"post","link":"https:\/\/wp.ufpel.edu.br\/ppgcienciapolitica\/selecao-mestrado-e-doutorado-2023\/","title":{"rendered":"Sele\u00e7\u00e3o Mestrado e Doutorado 2023"},"content":{"rendered":"<p>Publicados os editais de sele\u00e7\u00e3o de Mestrado e Doutorado do PPGCPol\/UFPel 2023. Confira na aba &#8220;Sele\u00e7\u00f5es&#8221; maiores informa\u00e7\u00f5es sobre cada processo seletivo.<\/p>\n<p>&nbsp;<\/p>\n<p><a href=\"https:\/\/wp.ufpel.edu.br\/ppgcienciapolitica\/files\/2022\/10\/Cartaz.bmp\"><img class=\"wp-image-3867 aligncenter\" src=\"https:\/\/wp.ufpel.edu.br\/ppgcienciapolitica\/files\/2022\/10\/Cartaz-315x400.bmp\" alt=\"\" width=\"235\" height=\"298\" srcset=\"https:\/\/wp.ufpel.edu.br\/ppgcienciapolitica\/files\/2022\/10\/Cartaz-315x400.bmp 315w, https:\/\/wp.ufpel.edu.br\/ppgcienciapolitica\/files\/2022\/10\/Cartaz.bmp 588w\" sizes=\"(max-width: 235px) 100vw, 235px\" \/><\/a><\/p>\n","protected":false},"excerpt":{"rendered":"<p>Publicados os editais de sele\u00e7\u00e3o de Mestrado e Doutorado do PPGCPol\/UFPel 2023. Confira na aba &#8220;Sele\u00e7\u00f5es&#8221; maiores informa\u00e7\u00f5es sobre cada processo seletivo. &nbsp;<\/p>\n","protected":false},"author":555,"featured_media":0,"comment_status":"closed","ping_status":"closed","sticky":false,"template":"","format":"standard","meta":{"_jetpack_memberships_contains_paid_content":false,"footnotes":""},"categories":[98],"tags":[],"class_list":["post-3866","post","type-post","status-publish","format-standard","hentry","category-selecoes"],"jetpack_featured_media_url":"","jetpack_sharing_enabled":true,"_links":{"self":[{"href":"https:\/\/wp.ufpel.edu.br\/ppgcienciapolitica\/wp-json\/wp\/v2\/posts\/3866","targetHints":{"allow":["GET"]}}],"collection":[{"href":"https:\/\/wp.ufpel.edu.br\/ppgcienciapolitica\/wp-json\/wp\/v2\/posts"}],"about":[{"href":"https:\/\/wp.ufpel.edu.br\/ppgcienciapolitica\/wp-json\/wp\/v2\/types\/post"}],"author":[{"embeddable":true,"href":"https:\/\/wp.ufpel.edu.br\/ppgcienciapolitica\/wp-json\/wp\/v2\/users\/555"}],"replies":[{"embeddable":true,"href":"https:\/\/wp.ufpel.edu.br\/ppgcienciapolitica\/wp-json\/wp\/v2\/comments?post=3866"}],"version-history":[{"count":1,"href":"https:\/\/wp.ufpel.edu.br\/ppgcienciapolitica\/wp-json\/wp\/v2\/posts\/3866\/revisions"}],"predecessor-version":[{"id":3868,"href":"https:\/\/wp.ufpel.edu.br\/ppgcienciapolitica\/wp-json\/wp\/v2\/posts\/3866\/revisions\/3868"}],"wp:attachment":[{"href":"https:\/\/wp.ufpel.edu.br\/ppgcienciapolitica\/wp-json\/wp\/v2\/media?parent=3866"}],"wp:term":[{"taxonomy":"category","embeddable":true,"href":"https:\/\/wp.ufpel.edu.br\/ppgcienciapolitica\/wp-json\/wp\/v2\/categories?post=3866"},{"taxonomy":"post_tag","embeddable":true,"href":"https:\/\/wp.ufpel.edu.br\/ppgcienciapolitica\/wp-json\/wp\/v2\/tags?post=3866"}],"curies":[{"name":"wp","href":"https:\/\/api.w.org\/{rel}","templated":true}]}}