{"id":3597,"date":"2022-03-15T10:21:56","date_gmt":"2022-03-15T13:21:56","guid":{"rendered":"https:\/\/wp.ufpel.edu.br\/ppgcienciapolitica\/?p=3597"},"modified":"2022-03-21T19:04:54","modified_gmt":"2022-03-21T22:04:54","slug":"edital-de-selecao-interna-para-o-programa-de-doutorado-sanduiche-no-exterior-capes","status":"publish","type":"post","link":"https:\/\/wp.ufpel.edu.br\/ppgcienciapolitica\/edital-de-selecao-interna-para-o-programa-de-doutorado-sanduiche-no-exterior-capes\/","title":{"rendered":"Edital de sele\u00e7\u00e3o interna para o Programa de Doutorado Sandu\u00edche no Exterior (CAPES)."},"content":{"rendered":"<p>A Coordena\u00e7\u00e3o do PPGCPol\/UFPel, em conformidade com o Edital CAPES No 10\/2022, torna p\u00fablico seu Edital Institucional para sele\u00e7\u00e3o interna ao Programa de Doutorado Sandu\u00edche no Exterior (PDSE). As inscri\u00e7\u00f5es v\u00e3o at\u00e9 o dia 21\/03. Acesse: <a href=\"https:\/\/wp.ufpel.edu.br\/ppgcienciapolitica\/files\/2022\/03\/Edital-PDSE-PPGCPol.pdf\">Edital PDSE PPGCPol<\/a><\/p>\n","protected":false},"excerpt":{"rendered":"<p>A Coordena\u00e7\u00e3o do PPGCPol\/UFPel, em conformidade com o Edital CAPES No 10\/2022, torna p\u00fablico seu Edital Institucional para sele\u00e7\u00e3o interna ao Programa de Doutorado Sandu\u00edche no Exterior (PDSE). As inscri\u00e7\u00f5es v\u00e3o at\u00e9 o dia 21\/03. Acesse: Edital PDSE PPGCPol<\/p>\n","protected":false},"author":555,"featured_media":0,"comment_status":"closed","ping_status":"closed","sticky":false,"template":"","format":"standard","meta":{"_jetpack_memberships_contains_paid_content":false,"footnotes":""},"categories":[25],"tags":[],"class_list":["post-3597","post","type-post","status-publish","format-standard","hentry","category-noticias-pt"],"jetpack_featured_media_url":"","jetpack_sharing_enabled":true,"_links":{"self":[{"href":"https:\/\/wp.ufpel.edu.br\/ppgcienciapolitica\/wp-json\/wp\/v2\/posts\/3597","targetHints":{"allow":["GET"]}}],"collection":[{"href":"https:\/\/wp.ufpel.edu.br\/ppgcienciapolitica\/wp-json\/wp\/v2\/posts"}],"about":[{"href":"https:\/\/wp.ufpel.edu.br\/ppgcienciapolitica\/wp-json\/wp\/v2\/types\/post"}],"author":[{"embeddable":true,"href":"https:\/\/wp.ufpel.edu.br\/ppgcienciapolitica\/wp-json\/wp\/v2\/users\/555"}],"replies":[{"embeddable":true,"href":"https:\/\/wp.ufpel.edu.br\/ppgcienciapolitica\/wp-json\/wp\/v2\/comments?post=3597"}],"version-history":[{"count":2,"href":"https:\/\/wp.ufpel.edu.br\/ppgcienciapolitica\/wp-json\/wp\/v2\/posts\/3597\/revisions"}],"predecessor-version":[{"id":3623,"href":"https:\/\/wp.ufpel.edu.br\/ppgcienciapolitica\/wp-json\/wp\/v2\/posts\/3597\/revisions\/3623"}],"wp:attachment":[{"href":"https:\/\/wp.ufpel.edu.br\/ppgcienciapolitica\/wp-json\/wp\/v2\/media?parent=3597"}],"wp:term":[{"taxonomy":"category","embeddable":true,"href":"https:\/\/wp.ufpel.edu.br\/ppgcienciapolitica\/wp-json\/wp\/v2\/categories?post=3597"},{"taxonomy":"post_tag","embeddable":true,"href":"https:\/\/wp.ufpel.edu.br\/ppgcienciapolitica\/wp-json\/wp\/v2\/tags?post=3597"}],"curies":[{"name":"wp","href":"https:\/\/api.w.org\/{rel}","templated":true}]}}