{"id":3593,"date":"2022-02-25T20:04:44","date_gmt":"2022-02-25T23:04:44","guid":{"rendered":"https:\/\/wp.ufpel.edu.br\/ppgcienciapolitica\/?p=3593"},"modified":"2022-03-21T19:05:39","modified_gmt":"2022-03-21T22:05:39","slug":"lista-de-aprovados-as-aluno-especial-2022-1","status":"publish","type":"post","link":"https:\/\/wp.ufpel.edu.br\/ppgcienciapolitica\/lista-de-aprovados-as-aluno-especial-2022-1\/","title":{"rendered":"Lista de aprovados\/as Aluno Especial 2022\/1"},"content":{"rendered":"<p class=\"Standard\" style=\"text-align: center\" align=\"center\"><strong><span style=\"font-size: 14pt\">Lista de aprovados\/as Aluno Especial<\/span><\/strong><\/p>\n<p class=\"Standard\" style=\"text-align: center\" align=\"center\">EDITAL N\u00ba. 007\/2022<\/p>\n<p class=\"Standard\"><b>Estudos Latino-americanos \u2013 G\u00eanero e pol\u00edtica na Am\u00e9rica Latina<\/b><\/p>\n<p class=\"Standard\">Cristina Stern Schiavon<\/p>\n<p class=\"Standard\">Fabiane Simioni<\/p>\n<p class=\"Standard\">Mateus Campos de Azevedo<\/p>\n<p class=\"Standard\">Sabrina da Costa Chiuza<\/p>\n<p class=\"Standard\"><b>Semin\u00e1rio Avan\u00e7ado \u2013 Democracia e antagonismo<\/b><\/p>\n<p class=\"Standard\">Luciana Silvestre Girelli<\/p>\n<p class=\"Standard\">Viviane Souza de Almeida<\/p>\n<p class=\"Standard\"><b>Semin\u00e1rio Avan\u00e7ado II \u2013 Pol\u00edtica e constitui\u00e7\u00e3o<\/b><\/p>\n<p class=\"Standard\">Carolina Fernandes Lima<\/p>\n<p class=\"Standard\">Laerte Radke Karnopp<\/p>\n<p class=\"Standard\"><b>Temas e Conceitos do Pensamento Pol\u00edtico Contempor\u00e2neo: uma abordagem filos\u00f3fica<\/b><\/p>\n<p class=\"Standard\">Shirley de Jesus Oliveira Pereira<\/p>\n<p class=\"Standard\"><b>In\u00edcio das aulas:<\/b> as aulas iniciar\u00e3o no dia 07 de mar\u00e7o, nos hor\u00e1rios informados no Edital de Sele\u00e7\u00e3o. Em breve ser\u00e1 enviado e-mail informando a sala de aula da disciplina Semin\u00e1rio Avan\u00e7ado II.<\/p>\n<p class=\"Standard\"><b>Matr\u00edcula:<\/b> os alunos dever\u00e3o enviar o formul\u00e1rio de matr\u00edcula (dispon\u00edvel em &lt;<a href=\"https:\/\/wp.ufpel.edu.br\/ppgcienciapolitica\/documentos\/formularios\/\"><span style=\"color: windowtext;text-decoration: none\">https:\/\/wp.ufpel.edu.br\/ppgcienciapolitica\/documentos\/formularios\/<\/span><\/a>&gt;) devidamente preenchido e assinado at\u00e9 o dia 02 de mar\u00e7o. O envio \u00e9 no formato PDF para o e-mail do PPGCPol.<\/p>\n<p class=\"Standard\"><b>Atestado de vacina\u00e7\u00e3o:<\/b> os alunos que ir\u00e3o frequentar as aulas do prof. Guilherme, que s\u00e3o presenciais, dever\u00e3o enviar o atestado de vacina\u00e7\u00e3o Covid, dispon\u00edvel no Conecte Sus, para o e-mail do PPGCPol. O mesmo se aplica para qualquer aluno que quiser acesso aos pr\u00e9dios da Universidade (biblioteca, campus, laborat\u00f3rios, etc).<\/p>\n<p class=\"Standard\">\n","protected":false},"excerpt":{"rendered":"<p>Lista de aprovados\/as Aluno Especial EDITAL N\u00ba. 007\/2022 Estudos Latino-americanos \u2013 G\u00eanero e pol\u00edtica na Am\u00e9rica Latina Cristina Stern Schiavon Fabiane Simioni Mateus Campos de Azevedo Sabrina da Costa Chiuza Semin\u00e1rio Avan\u00e7ado \u2013 Democracia e antagonismo Luciana Silvestre Girelli Viviane Souza de Almeida Semin\u00e1rio Avan\u00e7ado II \u2013 Pol\u00edtica e constitui\u00e7\u00e3o Carolina Fernandes Lima Laerte Radke [&hellip;]<\/p>\n","protected":false},"author":555,"featured_media":0,"comment_status":"closed","ping_status":"closed","sticky":false,"template":"","format":"standard","meta":{"_jetpack_memberships_contains_paid_content":false,"footnotes":""},"categories":[25],"tags":[],"class_list":["post-3593","post","type-post","status-publish","format-standard","hentry","category-noticias-pt"],"jetpack_featured_media_url":"","jetpack_sharing_enabled":true,"_links":{"self":[{"href":"https:\/\/wp.ufpel.edu.br\/ppgcienciapolitica\/wp-json\/wp\/v2\/posts\/3593","targetHints":{"allow":["GET"]}}],"collection":[{"href":"https:\/\/wp.ufpel.edu.br\/ppgcienciapolitica\/wp-json\/wp\/v2\/posts"}],"about":[{"href":"https:\/\/wp.ufpel.edu.br\/ppgcienciapolitica\/wp-json\/wp\/v2\/types\/post"}],"author":[{"embeddable":true,"href":"https:\/\/wp.ufpel.edu.br\/ppgcienciapolitica\/wp-json\/wp\/v2\/users\/555"}],"replies":[{"embeddable":true,"href":"https:\/\/wp.ufpel.edu.br\/ppgcienciapolitica\/wp-json\/wp\/v2\/comments?post=3593"}],"version-history":[{"count":2,"href":"https:\/\/wp.ufpel.edu.br\/ppgcienciapolitica\/wp-json\/wp\/v2\/posts\/3593\/revisions"}],"predecessor-version":[{"id":3595,"href":"https:\/\/wp.ufpel.edu.br\/ppgcienciapolitica\/wp-json\/wp\/v2\/posts\/3593\/revisions\/3595"}],"wp:attachment":[{"href":"https:\/\/wp.ufpel.edu.br\/ppgcienciapolitica\/wp-json\/wp\/v2\/media?parent=3593"}],"wp:term":[{"taxonomy":"category","embeddable":true,"href":"https:\/\/wp.ufpel.edu.br\/ppgcienciapolitica\/wp-json\/wp\/v2\/categories?post=3593"},{"taxonomy":"post_tag","embeddable":true,"href":"https:\/\/wp.ufpel.edu.br\/ppgcienciapolitica\/wp-json\/wp\/v2\/tags?post=3593"}],"curies":[{"name":"wp","href":"https:\/\/api.w.org\/{rel}","templated":true}]}}