{"id":3379,"date":"2021-06-30T09:51:07","date_gmt":"2021-06-30T12:51:07","guid":{"rendered":"https:\/\/wp.ufpel.edu.br\/ppgcienciapolitica\/?p=3379"},"modified":"2021-06-30T09:52:39","modified_gmt":"2021-06-30T12:52:39","slug":"oferta-de-disciplinas-e-matriculas-calendario-alternativo-inicio-em-08-2021","status":"publish","type":"post","link":"https:\/\/wp.ufpel.edu.br\/ppgcienciapolitica\/oferta-de-disciplinas-e-matriculas-calendario-alternativo-inicio-em-08-2021\/","title":{"rendered":"Oferta de disciplinas e matr\u00edculas Calend\u00e1rio Alternativo (in\u00edcio em 08\/2021)"},"content":{"rendered":"<p style=\"text-align: justify\"><strong>Divulgamos a oferta de disciplinas previstas para serem ministradas no \u00e2mbito do Programa de P\u00f3s-Gradua\u00e7\u00e3o em Ci\u00eancia Pol\u00edtica a partir de 09\/08\/2021, durante o novo Calend\u00e1rio Alternativo da Universidade, que prev\u00ea a oferta de disciplinas correspondentes ao per\u00edodo letivo de 2021\/1.<\/strong><\/p>\n<p style=\"text-align: justify\"><strong><u>Todas as disciplinas ser\u00e3o realizadas de modo remoto, com o uso da\u00a0plataforma Online institucional (e-Aulas).<\/u><\/strong><\/p>\n<p>&nbsp;<\/p>\n<p style=\"text-align: justify\"><b>Disciplinas do PPGCPOL:<\/b><\/p>\n<p style=\"text-align: justify\"><em>Segunda-feira MANH\u00c3, 8 semanas (in\u00edcio em 09\/08\/2021)<\/em><\/p>\n<p style=\"text-align: justify\">Semin\u00e1rio Avan\u00e7ado \u2013 Geopol\u00edtica do capitalismo (2 cr\u00e9ditos)<\/p>\n<p style=\"text-align: justify\">Profa. Etiene Marroni<\/p>\n<p>&nbsp;<\/p>\n<p style=\"text-align: justify\"><em>Segunda-feira TARDE, 15 semanas (in\u00edcio em 09\/08\/2021)<\/em><\/p>\n<p style=\"text-align: justify\">Semin\u00e1rio Avan\u00e7ado \u2013 Pol\u00edtica, m\u00eddia e elei\u00e7\u00f5es (2 cr\u00e9ditos)<\/p>\n<p style=\"text-align: justify\">Prof. Felipe Corral de Freitas<\/p>\n<p>&nbsp;<\/p>\n<p style=\"text-align: justify\"><em>Ter\u00e7a-feira MANH\u00c3, 15 semanas<\/em><\/p>\n<p style=\"text-align: justify\">Teorias do Discurso (4 cr\u00e9ditos)<\/p>\n<p style=\"text-align: justify\">Prof. Daniel de Mendon\u00e7a<\/p>\n<p>&nbsp;<\/p>\n<p style=\"text-align: justify\"><em>Ter\u00e7a-feira TARDE, 15 semanas<\/em><\/p>\n<p style=\"text-align: justify\">Teorias contempor\u00e2neas da democracia (4 cr\u00e9ditos) \u2013 Obrigat\u00f3ria Mestrado e Doutorado<\/p>\n<p style=\"text-align: justify\">Prof. Carlos Artur Gallo<\/p>\n<p>&nbsp;<\/p>\n<p style=\"text-align: justify\"><em>Ter\u00e7a-feira NOITE, 8 semanas (in\u00edcio em 27\/09\/2021)<\/em><\/p>\n<p style=\"text-align: justify\">Semin\u00e1rio Avan\u00e7ado \u2013 An\u00e1lise do Processo Decis\u00f3rio em Pol\u00edtica P\u00fablica (2 cr\u00e9ditos)<\/p>\n<p style=\"text-align: justify\">Prof. William Daldegan de Freitas<\/p>\n<p>&nbsp;<\/p>\n<p style=\"text-align: justify\"><em>Quarta-feira TARDE, 15 semanas<br \/>\n<\/em><\/p>\n<p style=\"text-align: justify\">Feminismos: teorias e pr\u00e1ticas (4 cr\u00e9ditos)<\/p>\n<p style=\"text-align: justify\">Profa. Rosangela Schulz<\/p>\n<p>&nbsp;<\/p>\n<p style=\"text-align: justify\"><em>Quinta-feira MANH\u00c3, 15 semanas<\/em><\/p>\n<p style=\"text-align: justify\">Temas e conceitos do pensamento pol\u00edtico contempor\u00e2neo (4 cr\u00e9ditos)<\/p>\n<p style=\"text-align: justify\">Prof. Cl\u00e1udio Leivas<\/p>\n<p>&nbsp;<\/p>\n<p style=\"text-align: justify\"><em>Quinta-feira TARDE, 15 semanas<\/em><\/p>\n<p style=\"text-align: justify\">Metodologia de Pesquisa em Ci\u00eancia Pol\u00edtica (4 cr\u00e9ditos) \u2013 Obrigat\u00f3ria Mestrado<\/p>\n<p style=\"text-align: justify\">Profa. Bianca de Freitas Linhares<\/p>\n<p>&nbsp;<\/p>\n<p style=\"text-align: justify\"><em>Sexta-feira TARDE, 15 semanas<\/em><\/p>\n<p style=\"text-align: justify\">Institui\u00e7\u00f5es pol\u00edticas brasileiras (4 cr\u00e9ditos)<\/p>\n<p style=\"text-align: justify\">Prof. Alvaro Barreto<\/p>\n<p>&nbsp;<\/p>\n<p style=\"text-align: justify\">* * * * * * * * * * * * * * * * * * * * * * *<\/p>\n<p>&nbsp;<\/p>\n<p style=\"text-align: justify\"><strong>MATR\u00cdCULAS DE ALUNAS\/OS REGULARES DO PPGCPOL:<\/strong> Ser\u00e3o realizadas de forma Online (pelo Cobalto), entre os dias 02 e 03\/08\/2021. A Secretaria enviar\u00e1, em breve, instru\u00e7\u00f5es de matr\u00edcula.<\/p>\n<p style=\"text-align: justify\"><strong>MATR\u00cdCULAS DE NOVAS\/OS ALUNAS\/OS REGULARES DO PPGCPOL (aprovados nas Sele\u00e7\u00f5es Regulares do Mestrado e do Doutorado):<\/strong> Ser\u00e3o realizadas de forma Online, entre os dias 04 e 05\/08\/2021. A Secretaria enviar\u00e1, em breve, mensagem com as instru\u00e7\u00f5es de matr\u00edcula.<\/p>\n<p style=\"text-align: justify\"><strong>SELE\u00c7\u00c3O E MATR\u00cdCULAS DE ALUNOS ESPECIAIS:<\/strong> O Edital ser\u00e1 publicado em breve. A inscri\u00e7\u00f5es ser\u00e3o realizadas entre os dias 02 e 03\/08\/2021. A divulga\u00e7\u00e3o das\/os selecionadas\/os ser\u00e1 no dia 04\/08\/2021. As matr\u00edculas ocorrem automaticamente no dia 05\/08\/2021.<\/p>\n<p>&nbsp;<\/p>\n<p style=\"text-align: justify\"><span style=\"text-decoration: underline\"><strong>OBSERVA\u00c7\u00c3O:<\/strong><\/span> Os\/as aprovados\/as na Sele\u00e7\u00e3o Suplementar de Mestrado realizar\u00e3o suas matr\u00edculas entre os dias 09 e 10\/08\/2021. Instru\u00e7\u00f5es ser\u00e3o fornecidas pela Comiss\u00e3o de Sele\u00e7\u00e3o assim que o Resultado Final do processo seletivo for publicado.<\/p>\n","protected":false},"excerpt":{"rendered":"<p>Divulgamos a oferta de disciplinas previstas para serem ministradas no \u00e2mbito do Programa de P\u00f3s-Gradua\u00e7\u00e3o em Ci\u00eancia Pol\u00edtica a partir de 09\/08\/2021, durante o novo Calend\u00e1rio Alternativo da Universidade, que prev\u00ea a oferta de disciplinas correspondentes ao per\u00edodo letivo de 2021\/1. Todas as disciplinas ser\u00e3o realizadas de modo remoto, com o uso da\u00a0plataforma Online institucional [&hellip;]<\/p>\n","protected":false},"author":555,"featured_media":0,"comment_status":"closed","ping_status":"closed","sticky":false,"template":"","format":"standard","meta":{"_jetpack_memberships_contains_paid_content":false,"footnotes":""},"categories":[12],"tags":[],"class_list":["post-3379","post","type-post","status-publish","format-standard","hentry","category-sem-categoria-pt"],"jetpack_featured_media_url":"","jetpack_sharing_enabled":true,"_links":{"self":[{"href":"https:\/\/wp.ufpel.edu.br\/ppgcienciapolitica\/wp-json\/wp\/v2\/posts\/3379","targetHints":{"allow":["GET"]}}],"collection":[{"href":"https:\/\/wp.ufpel.edu.br\/ppgcienciapolitica\/wp-json\/wp\/v2\/posts"}],"about":[{"href":"https:\/\/wp.ufpel.edu.br\/ppgcienciapolitica\/wp-json\/wp\/v2\/types\/post"}],"author":[{"embeddable":true,"href":"https:\/\/wp.ufpel.edu.br\/ppgcienciapolitica\/wp-json\/wp\/v2\/users\/555"}],"replies":[{"embeddable":true,"href":"https:\/\/wp.ufpel.edu.br\/ppgcienciapolitica\/wp-json\/wp\/v2\/comments?post=3379"}],"version-history":[{"count":2,"href":"https:\/\/wp.ufpel.edu.br\/ppgcienciapolitica\/wp-json\/wp\/v2\/posts\/3379\/revisions"}],"predecessor-version":[{"id":3381,"href":"https:\/\/wp.ufpel.edu.br\/ppgcienciapolitica\/wp-json\/wp\/v2\/posts\/3379\/revisions\/3381"}],"wp:attachment":[{"href":"https:\/\/wp.ufpel.edu.br\/ppgcienciapolitica\/wp-json\/wp\/v2\/media?parent=3379"}],"wp:term":[{"taxonomy":"category","embeddable":true,"href":"https:\/\/wp.ufpel.edu.br\/ppgcienciapolitica\/wp-json\/wp\/v2\/categories?post=3379"},{"taxonomy":"post_tag","embeddable":true,"href":"https:\/\/wp.ufpel.edu.br\/ppgcienciapolitica\/wp-json\/wp\/v2\/tags?post=3379"}],"curies":[{"name":"wp","href":"https:\/\/api.w.org\/{rel}","templated":true}]}}