{"id":3302,"date":"2021-04-13T09:10:11","date_gmt":"2021-04-13T12:10:11","guid":{"rendered":"https:\/\/wp.ufpel.edu.br\/ppgcienciapolitica\/?p=3302"},"modified":"2021-04-13T09:13:21","modified_gmt":"2021-04-13T12:13:21","slug":"premio-capes-de-teses-e-concurso-anpocs-candidaturas-aprovadas-para-representar-o-ppgcpol","status":"publish","type":"post","link":"https:\/\/wp.ufpel.edu.br\/ppgcienciapolitica\/premio-capes-de-teses-e-concurso-anpocs-candidaturas-aprovadas-para-representar-o-ppgcpol\/","title":{"rendered":"Pr\u00eamio CAPES de Teses e Concurso ANPOCS &#8211; Candidaturas aprovadas para representar o PPGCPOL"},"content":{"rendered":"<p style=\"text-align: justify\"><span style=\"font-family: georgia, palatino, serif;font-size: 12pt;color: #000000\">O PPGCPOL torna p\u00fablico:<\/span><\/p>\n<p style=\"text-align: justify\">\n<p style=\"text-align: justify\"><span style=\"font-family: georgia, palatino, serif;font-size: 12pt;color: #000000\">1) Que a tese &#8220;Mudan\u00e7a institucional e governo judicial: os conflitos entre CNJ e Justi\u00e7a Eleitoral (2005-2015)&#8221;, defendida por Caroline Bianca Graeff em 19\/12\/2020 e orientada pelo prof. Alvaro Barreto, foi escolhida para representar o Programa no Pr\u00eamio CAPES de Teses, Edi\u00e7\u00e3o 2021.<\/span><\/p>\n<p style=\"text-align: justify\">\n<p style=\"text-align: justify\"><span style=\"font-family: georgia, palatino, serif;font-size: 12pt;color: #000000\">2) Que a disserta\u00e7\u00e3o &#8220;Um governo dentro do governo: a articula\u00e7\u00e3o pol\u00edtico-empresarial da organiza\u00e7\u00e3o da sociedade civil Comunitas e o caso da parceria com o munic\u00edpio de Pelotas (RS)&#8221;, defendida por Liana de Vargas Nunes Coll em 05\/06\/2020 e orientada pela profa. Rosangela Schulz, foi escolhida para representar o Programa no Concurso ANPOCS de Disserta\u00e7\u00f5es e Teses, Edi\u00e7\u00e3o 2021.<\/span><\/p>\n<p style=\"text-align: justify\">\n<p style=\"text-align: justify\"><span style=\"font-family: georgia, palatino, serif;font-size: 12pt;color: #000000\">A Comiss\u00e3o de Sele\u00e7\u00e3o das candidaturas foi composta pelos docentes: Carlos Artur Gallo (Presidente), Etiene Marroni e Pedro Robertt.<\/span><\/p>\n","protected":false},"excerpt":{"rendered":"<p>O PPGCPOL torna p\u00fablico: 1) Que a tese &#8220;Mudan\u00e7a institucional e governo judicial: os conflitos entre CNJ e Justi\u00e7a Eleitoral (2005-2015)&#8221;, defendida por Caroline Bianca Graeff em 19\/12\/2020 e orientada pelo prof. Alvaro Barreto, foi escolhida para representar o Programa no Pr\u00eamio CAPES de Teses, Edi\u00e7\u00e3o 2021. 2) Que a disserta\u00e7\u00e3o &#8220;Um governo dentro do [&hellip;]<\/p>\n","protected":false},"author":555,"featured_media":0,"comment_status":"closed","ping_status":"closed","sticky":false,"template":"","format":"standard","meta":{"_jetpack_memberships_contains_paid_content":false,"footnotes":""},"categories":[12],"tags":[],"class_list":["post-3302","post","type-post","status-publish","format-standard","hentry","category-sem-categoria-pt"],"jetpack_featured_media_url":"","jetpack_sharing_enabled":true,"_links":{"self":[{"href":"https:\/\/wp.ufpel.edu.br\/ppgcienciapolitica\/wp-json\/wp\/v2\/posts\/3302","targetHints":{"allow":["GET"]}}],"collection":[{"href":"https:\/\/wp.ufpel.edu.br\/ppgcienciapolitica\/wp-json\/wp\/v2\/posts"}],"about":[{"href":"https:\/\/wp.ufpel.edu.br\/ppgcienciapolitica\/wp-json\/wp\/v2\/types\/post"}],"author":[{"embeddable":true,"href":"https:\/\/wp.ufpel.edu.br\/ppgcienciapolitica\/wp-json\/wp\/v2\/users\/555"}],"replies":[{"embeddable":true,"href":"https:\/\/wp.ufpel.edu.br\/ppgcienciapolitica\/wp-json\/wp\/v2\/comments?post=3302"}],"version-history":[{"count":3,"href":"https:\/\/wp.ufpel.edu.br\/ppgcienciapolitica\/wp-json\/wp\/v2\/posts\/3302\/revisions"}],"predecessor-version":[{"id":3305,"href":"https:\/\/wp.ufpel.edu.br\/ppgcienciapolitica\/wp-json\/wp\/v2\/posts\/3302\/revisions\/3305"}],"wp:attachment":[{"href":"https:\/\/wp.ufpel.edu.br\/ppgcienciapolitica\/wp-json\/wp\/v2\/media?parent=3302"}],"wp:term":[{"taxonomy":"category","embeddable":true,"href":"https:\/\/wp.ufpel.edu.br\/ppgcienciapolitica\/wp-json\/wp\/v2\/categories?post=3302"},{"taxonomy":"post_tag","embeddable":true,"href":"https:\/\/wp.ufpel.edu.br\/ppgcienciapolitica\/wp-json\/wp\/v2\/tags?post=3302"}],"curies":[{"name":"wp","href":"https:\/\/api.w.org\/{rel}","templated":true}]}}